{"id":776,"date":"2020-02-27T22:01:29","date_gmt":"2020-02-27T22:01:29","guid":{"rendered":"http:\/\/www.alibozoglu.com\/?p=776"},"modified":"2020-05-17T12:10:22","modified_gmt":"2020-05-17T12:10:22","slug":"denizcilik-bankasi-t-a-o-efsane-genel-mudurlerinden-celalettin-erol-06-temmuz-1920-11-temmuz-2017","status":"publish","type":"post","link":"http:\/\/www.alibozoglu.com\/index.php\/2020\/02\/27\/denizcilik-bankasi-t-a-o-efsane-genel-mudurlerinden-celalettin-erol-06-temmuz-1920-11-temmuz-2017\/","title":{"rendered":"DEN\u0130ZC\u0130L\u0130K BANKASI T.A.O EFSANE GENEL M\u00dcD\u00dcRLER\u0130NDEN CELALETT\u0130N EROL 06 Temmuz 1920 \u2013 11 Temmuz 2017"},"content":{"rendered":"\n<figure class=\"wp-block-image size-large\"><img loading=\"lazy\" decoding=\"async\" width=\"1024\" height=\"775\" src=\"http:\/\/www.alibozoglu.com\/wp-content\/uploads\/2020\/02\/tara0T092-1024x775.jpg\" alt=\"\" class=\"wp-image-777\" srcset=\"http:\/\/www.alibozoglu.com\/wp-content\/uploads\/2020\/02\/tara0T092-1024x775.jpg 1024w, http:\/\/www.alibozoglu.com\/wp-content\/uploads\/2020\/02\/tara0T092-300x227.jpg 300w, http:\/\/www.alibozoglu.com\/wp-content\/uploads\/2020\/02\/tara0T092-768x581.jpg 768w, http:\/\/www.alibozoglu.com\/wp-content\/uploads\/2020\/02\/tara0T092-1536x1162.jpg 1536w, http:\/\/www.alibozoglu.com\/wp-content\/uploads\/2020\/02\/tara0T092-79x60.jpg 79w, http:\/\/www.alibozoglu.com\/wp-content\/uploads\/2020\/02\/tara0T092.jpg 1950w\" sizes=\"(max-width: 1024px) 100vw, 1024px\" \/><\/figure>\n\n\n\n<p>Celalettin\nErol 6 Temmuz 1920 tarihinde Ankara\u2019da do\u011fdu. Babas\u0131 1.D\u00fcnya Harbi (\u00c7anakkale\nCephesi) ve \u0130stiklal Harbi Gazisi Manast\u0131rl\u0131 Hamdi Bey annesi ise Nefise\nHan\u0131md\u0131r.Ortaokul 3. S\u0131n\u0131fta iken ailesinin \u0130stanbul\u2019a yerle\u015fmesi nedeniyle\ntahsil hayat\u0131na Kabata\u015f Lisesinde devam eder.1938 y\u0131l\u0131nda liseyi birincilikle\nbitirdi. Denizbank\u2019\u0131n yurt d\u0131\u015f\u0131nda gemi m\u00fchendisleri yeti\u015ftirmek \u00fczere a\u00e7t\u0131\u011f\u0131\nm\u00fcsabaka imtihan\u0131na girdi. Ve kazand\u0131. Bir y\u0131l Hali\u00e7 Tersanesinde staj\nyapt\u0131ktan sonra Almanya Hamburg\u2019a g\u00f6nderildi.1 Eyl\u00fcl 1939 y\u0131l\u0131nda II. D\u00fcnya\nsava\u015f\u0131n\u0131n ba\u015flamas\u0131 nedeniyle \u0130stanbul\u2019a geri d\u00f6nd\u00fc yine hali\u00e7 Tersanesinde\nyat\u0131l\u0131 olarak staja al\u0131nd\u0131. 1940 y\u0131l\u0131nda \u00f6\u011frenimine devam etmek \u00fczere\n\u0130ngiltere\u2019ye g\u00f6nderildi. \u0130ngiltere\u2019de \u0130ngilizcesini geli\u015ftirmek i\u00e7in Exeter\u2019deki\nbir lisan okuluna kaydolarak bir y\u0131l lisan e\u011fitimi g\u00f6rd\u00fc. Lisan okulunu ba\u015far\u0131\nile bitirdikten sonra Glasgow \u00dcniversitesi Gemi \u0130n\u015fa M\u00fchendisli\u011fi B\u00f6l\u00fcm\u00fc\u2019ne\nm\u00fcracaat eder ve kabul edilir. Glasgow \u00dcniversitesi\u2019nde \u00e7ok ba\u015far\u0131l\u0131 bir\ntalebelik d\u00f6nemi ge\u00e7iren Celalettin Erol, bu \u00fcniversiteyi \u201cY\u00fcksek Onur\u201d\nderecesi ile bitirir ve T\u00fcrk talebelerinin gurur kayna\u011f\u0131 olur. \u00dcniversite\ne\u011fitiminden sonra y\u00fcksek lisans derecesi i\u00e7in \u00fc\u00e7 y\u0131l fiilen tersanede \u00e7al\u0131\u015f\u0131r\nve Gemi \u0130n\u015fa Y\u00fcksek M\u00fchendisi olur. \u0130ngiltere\u2019deki e\u011fitimini tamamlayan\nCelalettin Erol 1947 y\u0131l\u0131nda T\u00fcrkiye\u2019ye d\u00f6ner ve \u0130stinye Tersanesi At\u00f6lye\nM\u00fchendisli\u011fi\u2019ne tayin edilir.Bir s\u00fcre \u00e7al\u0131\u015ft\u0131ktan sonra askerlik g\u00f6revini yapar\nve tekrar tersanelere d\u00f6ner.1950 y\u0131l\u0131nda Marshall Yard\u0131m\u0131 \u00e7er\u00e7evesinde yurt\nd\u0131\u015f\u0131nda yapt\u0131r\u0131lacak olan gemilerin \u015fartnamelerini haz\u0131rlayan komisyonda g\u00f6rev\nal\u0131r. \u0130haleler sonu\u00e7lanmas\u0131ndan sonra Glasgow\u2019da in\u015fa edilen Fenerbah\u00e7e ve\nDolmabah\u00e7e gemilerinin kontrol m\u00fchendisi olarak g\u00f6rev al\u0131r. Bu gemilerin denize\ninmelerine m\u00fcteakip Hollanda\u2019da in\u015fa edilen Beylerbeyi, Yenik\u00f6y, \u0130stinye,\nBe\u015fikta\u015f, Emirgan Ayval\u0131k ve Gemlik gemileri ile \u0130stanbul Liman i\u00e7in in\u015fa\nettirilen44, 45,46.47.48. ve 50\u2019lu Cer motorlar\u0131 in\u015falar\u0131nda kontrol m\u00fchendisi\nolarak g\u00f6rev alm\u0131\u015ft\u0131r.<\/p>\n\n\n\n<figure class=\"wp-block-image size-large\"><img loading=\"lazy\" decoding=\"async\" width=\"1024\" height=\"706\" src=\"http:\/\/www.alibozoglu.com\/wp-content\/uploads\/2020\/02\/tara0098-1024x706.jpg\" alt=\"\" class=\"wp-image-778\" srcset=\"http:\/\/www.alibozoglu.com\/wp-content\/uploads\/2020\/02\/tara0098-1024x706.jpg 1024w, http:\/\/www.alibozoglu.com\/wp-content\/uploads\/2020\/02\/tara0098-300x207.jpg 300w, http:\/\/www.alibozoglu.com\/wp-content\/uploads\/2020\/02\/tara0098-768x529.jpg 768w, http:\/\/www.alibozoglu.com\/wp-content\/uploads\/2020\/02\/tara0098-1536x1058.jpg 1536w, http:\/\/www.alibozoglu.com\/wp-content\/uploads\/2020\/02\/tara0098-2048x1411.jpg 2048w, http:\/\/www.alibozoglu.com\/wp-content\/uploads\/2020\/02\/tara0098-87x60.jpg 87w\" sizes=\"(max-width: 1024px) 100vw, 1024px\" \/><\/figure>\n\n\n\n<p>1953\ny\u0131l\u0131nda Hali\u00e7 Tersanesi M\u00fcd\u00fcrl\u00fc\u011f\u00fc\u2019ne tayin edilen Nedret Utkan\u2019\u0131n yan\u0131 s\u0131ra\nCelalettin Erol da Hali\u00e7 Tersanesi Planlama M\u00fcd\u00fcrl\u00fc\u011f\u00fc\u2019ne getirilir. Bu g\u00f6revi\ns\u0131ras\u0131nda T\u00fcrkiye\u2019nin ilk in\u015fa etti\u011fi gemi kabul edilen Kartal ve Kabata\u015f\ngemilerinin in\u015fa eder.\u0130ki y\u0131l kadar s\u00fcren bu g\u00f6revden sonra Celalettin Erol,\n1955 y\u0131l\u0131nda D.B Deniz Nakliyat\u0131 ad\u0131na Japonya\u2019ya sipari\u015f edilen gemilerin\nkontrol heyetine dahil edilip Japonya\u2019ya g\u00f6nderilir. Japonya\u2019da bulundu\u011fu\ns\u0131rada Nuran Katipo\u011flu ile Japonya\u2019da evlenir. Japonya d\u00f6n\u00fc\u015f\u00fcnde 1956 y\u0131l\u0131nda\nJaponya\u2019dan d\u00f6n\u00fc\u015f\u00fcnde Hali\u00e7 Tersanesi M\u00fcd\u00fcrl\u00fc\u011f\u00fc\u2019ne getirilir. Bu g\u00f6revi\ns\u0131ras\u0131nda Araba Vapurlar\u0131n\u0131n in\u015fas\u0131 ile \u015eehirhatlar\u0131 \u0130\u015fletmesi ve Liman\n\u0130\u015fletmelerinin ihtiyac\u0131 gemi ve r\u00f6mork\u00f6r gibi deniz vas\u0131talar\u0131n\u0131n in\u015fas\u0131\nyap\u0131l\u0131r. 1959 y\u0131l\u0131 sonunda, D.B Deniz Nakliyat\u0131 ad\u0131na yine Japonya\u2019ya sipari\u015f\nedilen gemilerin kontrol\u00fc i\u00e7in bu defa heyet ba\u015fkan\u0131 olarak Japonya\u2019ya tekrar\ng\u00f6nderilir.<\/p>\n\n\n\n<figure class=\"wp-block-image size-large\"><img loading=\"lazy\" decoding=\"async\" width=\"1024\" height=\"717\" src=\"http:\/\/www.alibozoglu.com\/wp-content\/uploads\/2020\/02\/tara0102-1024x717.jpg\" alt=\"\" class=\"wp-image-779\" srcset=\"http:\/\/www.alibozoglu.com\/wp-content\/uploads\/2020\/02\/tara0102-1024x717.jpg 1024w, http:\/\/www.alibozoglu.com\/wp-content\/uploads\/2020\/02\/tara0102-300x210.jpg 300w, http:\/\/www.alibozoglu.com\/wp-content\/uploads\/2020\/02\/tara0102-768x537.jpg 768w, http:\/\/www.alibozoglu.com\/wp-content\/uploads\/2020\/02\/tara0102-1536x1075.jpg 1536w, http:\/\/www.alibozoglu.com\/wp-content\/uploads\/2020\/02\/tara0102-2048x1433.jpg 2048w, http:\/\/www.alibozoglu.com\/wp-content\/uploads\/2020\/02\/tara0102-86x60.jpg 86w, http:\/\/www.alibozoglu.com\/wp-content\/uploads\/2020\/02\/tara0102-562x395.jpg 562w\" sizes=\"(max-width: 1024px) 100vw, 1024px\" \/><\/figure>\n\n\n\n<p>1962\ny\u0131l\u0131nda Japonya d\u00f6n\u00fc\u015f\u00fcnde Denizyollar\u0131 \u0130\u015fletme M\u00fcd\u00fcrl\u00fc\u011f\u00fc\u2019ne, 1963 y\u0131l\u0131nda\nDenizcilik Bankas\u0131 Genel M\u00fcd\u00fcr Yard\u0131mc\u0131l\u0131\u011f\u0131 ve Y\u00f6netim Kurulu \u00dcyeli\u011fi\u2019ne ve\nnihayet 1969 y\u0131l\u0131nda da Genel M\u00fcd\u00fcr ve Y\u00f6netim Kurulu Ba\u015fkanl\u0131\u011f\u0131\u2019na tayin\nedilir ve b\u00f6ylece kariyerinin en \u00fcst basama\u011f\u0131na ula\u015fm\u0131\u015f olur.( Celalettin Erol\nNedret Utkan\u2019dan sonra memur olarak girdi\u011fi kuruma her basama\u011f\u0131n\u0131 birer birer\n\u00e7\u0131karak Genel M\u00fcd\u00fcr olan 2. Ki\u015fidir.)<\/p>\n\n\n\n<figure class=\"wp-block-image size-large\"><img loading=\"lazy\" decoding=\"async\" width=\"1024\" height=\"729\" src=\"http:\/\/www.alibozoglu.com\/wp-content\/uploads\/2020\/02\/tara0107-1024x729.jpg\" alt=\"\" class=\"wp-image-780\" srcset=\"http:\/\/www.alibozoglu.com\/wp-content\/uploads\/2020\/02\/tara0107-1024x729.jpg 1024w, http:\/\/www.alibozoglu.com\/wp-content\/uploads\/2020\/02\/tara0107-300x214.jpg 300w, http:\/\/www.alibozoglu.com\/wp-content\/uploads\/2020\/02\/tara0107-768x547.jpg 768w, http:\/\/www.alibozoglu.com\/wp-content\/uploads\/2020\/02\/tara0107-1536x1093.jpg 1536w, http:\/\/www.alibozoglu.com\/wp-content\/uploads\/2020\/02\/tara0107-2048x1458.jpg 2048w, http:\/\/www.alibozoglu.com\/wp-content\/uploads\/2020\/02\/tara0107-84x60.jpg 84w\" sizes=\"(max-width: 1024px) 100vw, 1024px\" \/><\/figure>\n\n\n\n<p>1974\ny\u0131l\u0131nda CHP-MSP h\u00fck\u00fcmetinin i\u015fba\u015f\u0131na gelmesi \u00fczerine kendi iste\u011fi ile emekliye\nayr\u0131l\u0131r ve 1938 y\u0131l\u0131 Temmuz\u2019unda gazetede g\u00f6rd\u00fc\u011f\u00fc bir ilanla ayak bast\u0131\u011f\u0131\nDenizcilik Bankas\u0131\u2019na ve tersanelere 36 y\u0131l sonra veda ederek ayr\u0131l\u0131r. Ayr\u0131ld\u0131ktan\nsonra g\u00f6rev ald\u0131\u011f\u0131 Alarko Holding\u2019te \u00dczeyir Garih\u2019le birlikte bu kurumunda\ngeli\u015fmesinde b\u00fcy\u00fck katk\u0131lar\u0131 olmu\u015ftur.<\/p>\n\n\n\n<figure class=\"wp-block-image size-large\"><img loading=\"lazy\" decoding=\"async\" width=\"1024\" height=\"660\" src=\"http:\/\/www.alibozoglu.com\/wp-content\/uploads\/2020\/02\/tara0114-1-1024x660.jpg\" alt=\"\" class=\"wp-image-781\" srcset=\"http:\/\/www.alibozoglu.com\/wp-content\/uploads\/2020\/02\/tara0114-1-1024x660.jpg 1024w, http:\/\/www.alibozoglu.com\/wp-content\/uploads\/2020\/02\/tara0114-1-300x193.jpg 300w, http:\/\/www.alibozoglu.com\/wp-content\/uploads\/2020\/02\/tara0114-1-768x495.jpg 768w, http:\/\/www.alibozoglu.com\/wp-content\/uploads\/2020\/02\/tara0114-1-1536x989.jpg 1536w, http:\/\/www.alibozoglu.com\/wp-content\/uploads\/2020\/02\/tara0114-1-2048x1319.jpg 2048w, http:\/\/www.alibozoglu.com\/wp-content\/uploads\/2020\/02\/tara0114-1-93x60.jpg 93w\" sizes=\"(max-width: 1024px) 100vw, 1024px\" \/><\/figure>\n\n\n\n<p>Pendik Tersanesinde\n\u00e7al\u0131\u015ft\u0131r\u0131lmak \u00fczere \u0130ngiltere\u2019ye g\u00f6nderilen Celalettin Erol verdi\u011fi b\u00fcy\u00fck\nm\u00fccadele sonucunda 1969 y\u0131l\u0131nda Pendik Tersanesi\u2019nin temelini atm\u0131\u015f temelini\natt\u0131\u011f\u0131 tersanenin \u00fcretimini g\u00f6rmeden emekli olmu\u015ftur. Denizcili\u011fin geli\u015fmesi\ny\u00f6n\u00fcnde b\u00fcy\u00fck hizmetleri olan Celalettin Erol\u2019a Allahtan rahmet diliyorum nur\ni\u00e7inde yats\u0131n&#8230;<\/p>\n","protected":false},"excerpt":{"rendered":"<p>Celalettin Erol 6 Temmuz 1920 tarihinde Ankara\u2019da do\u011fdu. Babas\u0131 1.D\u00fcnya Harbi (\u00c7anakkale Cephesi) ve \u0130stiklal Harbi Gazisi Manast\u0131rl\u0131 Hamdi Bey annesi ise Nefise Han\u0131md\u0131r.Ortaokul 3. S\u0131n\u0131fta iken ailesinin \u0130stanbul\u2019a yerle\u015fmesi nedeniyle tahsil hayat\u0131na Kabata\u015f Lisesinde devam eder.1938 y\u0131l\u0131nda liseyi birincilikle bitirdi. Denizbank\u2019\u0131n yurt d\u0131\u015f\u0131nda gemi m\u00fchendisleri yeti\u015ftirmek \u00fczere a\u00e7t\u0131\u011f\u0131 m\u00fcsabaka imtihan\u0131na girdi. Ve kazand\u0131. Bir &hellip; <\/p>\n","protected":false},"author":1,"featured_media":782,"comment_status":"open","ping_status":"open","sticky":false,"template":"","format":"standard","meta":{"footnotes":""},"categories":[8],"tags":[],"_links":{"self":[{"href":"http:\/\/www.alibozoglu.com\/index.php\/wp-json\/wp\/v2\/posts\/776"}],"collection":[{"href":"http:\/\/www.alibozoglu.com\/index.php\/wp-json\/wp\/v2\/posts"}],"about":[{"href":"http:\/\/www.alibozoglu.com\/index.php\/wp-json\/wp\/v2\/types\/post"}],"author":[{"embeddable":true,"href":"http:\/\/www.alibozoglu.com\/index.php\/wp-json\/wp\/v2\/users\/1"}],"replies":[{"embeddable":true,"href":"http:\/\/www.alibozoglu.com\/index.php\/wp-json\/wp\/v2\/comments?post=776"}],"version-history":[{"count":1,"href":"http:\/\/www.alibozoglu.com\/index.php\/wp-json\/wp\/v2\/posts\/776\/revisions"}],"predecessor-version":[{"id":783,"href":"http:\/\/www.alibozoglu.com\/index.php\/wp-json\/wp\/v2\/posts\/776\/revisions\/783"}],"wp:featuredmedia":[{"embeddable":true,"href":"http:\/\/www.alibozoglu.com\/index.php\/wp-json\/wp\/v2\/media\/782"}],"wp:attachment":[{"href":"http:\/\/www.alibozoglu.com\/index.php\/wp-json\/wp\/v2\/media?parent=776"}],"wp:term":[{"taxonomy":"category","embeddable":true,"href":"http:\/\/www.alibozoglu.com\/index.php\/wp-json\/wp\/v2\/categories?post=776"},{"taxonomy":"post_tag","embeddable":true,"href":"http:\/\/www.alibozoglu.com\/index.php\/wp-json\/wp\/v2\/tags?post=776"}],"curies":[{"name":"wp","href":"https:\/\/api.w.org\/{rel}","templated":true}]}}