{"id":751,"date":"2020-02-27T18:59:24","date_gmt":"2020-02-27T18:59:24","guid":{"rendered":"http:\/\/www.alibozoglu.com\/?p=751"},"modified":"2020-05-17T12:10:53","modified_gmt":"2020-05-17T12:10:53","slug":"tuzla-tersaneleri","status":"publish","type":"post","link":"http:\/\/www.alibozoglu.com\/index.php\/2020\/02\/27\/tuzla-tersaneleri\/","title":{"rendered":"Tuzla Tersaneleri"},"content":{"rendered":"\n<figure class=\"wp-block-image size-large\"><img loading=\"lazy\" decoding=\"async\" width=\"1024\" height=\"768\" src=\"http:\/\/www.alibozoglu.com\/wp-content\/uploads\/2020\/02\/87145236_633157314152431_8631462927137767424_n-1024x768.jpg\" alt=\"\" class=\"wp-image-752\" srcset=\"http:\/\/www.alibozoglu.com\/wp-content\/uploads\/2020\/02\/87145236_633157314152431_8631462927137767424_n-1024x768.jpg 1024w, http:\/\/www.alibozoglu.com\/wp-content\/uploads\/2020\/02\/87145236_633157314152431_8631462927137767424_n-300x225.jpg 300w, http:\/\/www.alibozoglu.com\/wp-content\/uploads\/2020\/02\/87145236_633157314152431_8631462927137767424_n-768x576.jpg 768w, http:\/\/www.alibozoglu.com\/wp-content\/uploads\/2020\/02\/87145236_633157314152431_8631462927137767424_n-1536x1152.jpg 1536w, http:\/\/www.alibozoglu.com\/wp-content\/uploads\/2020\/02\/87145236_633157314152431_8631462927137767424_n-80x60.jpg 80w, http:\/\/www.alibozoglu.com\/wp-content\/uploads\/2020\/02\/87145236_633157314152431_8631462927137767424_n.jpg 2048w\" sizes=\"(max-width: 1024px) 100vw, 1024px\" \/><\/figure>\n\n\n\n<p>Bu g\u00fcnlerde hangi televizyonu a\u00e7arsan\u0131z a\u00e7\u0131n hangi gazeteyi okursan\u0131z\nokuyun seyretti\u011finiz televizyon haberlerinde veya okudu\u011funuz gazetede Tuzla\u2019da\nbulunan tersanelerden mutlaka bir haber vard\u0131r.Ne yaz\u0131k ki bu haberlerin b\u00fcy\u00fck\nbir \u00e7o\u011funlu\u011fu&nbsp; i\u015f\u00e7i \u00f6l\u00fcmleri ile ilgilidir. \u00c7ok yaz\u0131k&nbsp; yan sanayisi\nile birlikte y\u0131lda 4 Milyar dolarl\u0131k bir girdisi olan ve 50 bin ki\u015fiye istihdam\nolana\u011f\u0131 sa\u011flayan bu b\u00f6lge \u00f6l\u00fcmle an\u0131lmamal\u0131 \u00f6l\u00fcmlerin olmamas\u0131 herkesin\narzusudur. \u00d6l\u00fcmlerin hi\u00e7 olmamas\u0131 i\u00e7in&nbsp; ne\nyapmal\u0131y\u0131z bunu d\u00fc\u015f\u00fcnmemiz laz\u0131md\u0131r. Nerede nas\u0131l bir hata yap\u0131yoruz bu hatay\u0131\nnas\u0131l d\u00fczeltiriz diye toplumun her kesimine d\u00fc\u015fen bir g\u00f6revdir.&nbsp; Hedef kimsenin \u00f6lmedi\u011fi i\u015f kazas\u0131n\u0131n ya\u015fanmad\u0131\u011f\u0131 bir \u00e7al\u0131\u015fma ortam\u0131n\u0131n\nsa\u011flanmas\u0131d\u0131r.Bunun i\u00e7in devletin yapaca\u011f\u0131 i\u015fler vard\u0131r, tersane sahiplerinin\nyapaca\u011f\u0131 i\u015fler vard\u0131r.NTV televizyonunda 5 K 1 N program\u0131n\u0131 izliyorum i\u015f\u00e7ilerle\nr\u00f6portaj yap\u0131l\u0131yor. \u00c7al\u0131\u015fan bir i\u015f\u00e7i denizi ilk defa g\u00f6r\u00fcyorum diyor.\u0130\u015fte\nburada durup d\u00fc\u015f\u00fcnmek laz\u0131md\u0131r.<\/p>\n\n\n\n<figure class=\"wp-block-image size-large\"><img loading=\"lazy\" decoding=\"async\" width=\"673\" height=\"715\" src=\"http:\/\/www.alibozoglu.com\/wp-content\/uploads\/2020\/02\/84038602_187475595915873_7692761085446717440_n.jpg\" alt=\"\" class=\"wp-image-753\" srcset=\"http:\/\/www.alibozoglu.com\/wp-content\/uploads\/2020\/02\/84038602_187475595915873_7692761085446717440_n.jpg 673w, http:\/\/www.alibozoglu.com\/wp-content\/uploads\/2020\/02\/84038602_187475595915873_7692761085446717440_n-282x300.jpg 282w, http:\/\/www.alibozoglu.com\/wp-content\/uploads\/2020\/02\/84038602_187475595915873_7692761085446717440_n-56x60.jpg 56w\" sizes=\"(max-width: 673px) 100vw, 673px\" \/><\/figure>\n\n\n\n<p>Y\u00fcz y\u0131la yakla\u015fan bir zaman i\u00e7erisinde Hali\u00e7 , Camialt\u0131 , \u0130stinye , Pendik\n,Alaybey&nbsp; ve Hask\u00f6y Tersanelerinde irili ufakl\u0131 y\u00fczlerce gemi in\u015fa edildi\n, binlerce geminin bak\u0131m ve onar\u0131mlar\u0131 yap\u0131ld\u0131 acaba&nbsp; bu i\u015fler s\u0131ras\u0131nda\nka\u00e7 ki\u015fi i\u015f kazas\u0131 nedeniyle hayat\u0131n\u0131 kaybetti. Son y\u0131llarda Tuzla Tersane\nb\u00f6lgesinde ya\u015fanan \u00f6l\u00fcmlerin say\u0131s\u0131 kadar yukar\u0131da ad\u0131n\u0131 sayd\u0131\u011f\u0131m tersanelerde\nbir as\u0131r boyunca bu kadar i\u015f kazas\u0131 nedeniyle \u00f6l\u00fcm ya\u015fanmam\u0131\u015ft\u0131r..<\/p>\n\n\n\n<p>Bunun nedenlerini ara\u015ft\u0131rd\u0131m \u00e7ok kitap kar\u0131\u015ft\u0131rd\u0131m g\u00fcnlerce internetten bir\n\u015feyler bulurmuyum diye saatlerce bilgisayar\u0131n ba\u015f\u0131nda oturdum nihayet\narad\u0131\u011f\u0131m\u0131&nbsp;m\u00fchendis olabilmek i\u00e7in ola\u011fan\u00fcst\u00fc bir m\u00fccadele veren ve bunu\ny\u00fcz\u00fcn\u00fcn ak\u0131yla ba\u015faran ve \u00d6mr\u00fcn\u00fc gemi in\u015fa sanayi i\u00e7in harcam\u0131\u015f olan de\u011ferli\nb\u00fcy\u00fc\u011f\u00fcm Ali Can\u2019n\u0131n B\u0130R TARSANE B\u0130R HAYAT ADLI kitab\u0131n\u0131 okuyunca&nbsp; buldum. B\u0130R\nTARSANE B\u0130R HAYAT ADLI bu kitap ba\u015fta kendisine gelecek arayan gen\u00e7lerin\nokumas\u0131 tekrar tekrar okumas\u0131 sat\u0131r sat\u0131r ezberlemesi gereken bir kitap fakir\nbir i\u015f\u00e7i \u00e7ocu\u011funun m\u00fchendis olmak i\u00e7in verdi\u011fi inan\u0131lmaz m\u00fccadele var bu\nkitapta&nbsp; Bu kitab\u0131 y\u00f6neticiler okumal\u0131 y\u00f6neticilik yapt\u0131\u011f\u0131 s\u0131rada ya\u015fad\u0131\u011f\u0131\nolaylar ve bu olaylar\u0131n nas\u0131l \u00fcstesinden geldi\u011fi yaz\u0131l\u0131 k\u0131saca toplumun her\nkesiminin okumas\u0131 gereken bir kitapt\u0131r. Ve ba\u015f ucundan eksik etmeyece\u011finiz\nrehber kitapt\u0131r .<\/p>\n\n\n\n<figure class=\"wp-block-image size-large\"><img loading=\"lazy\" decoding=\"async\" width=\"1024\" height=\"768\" src=\"http:\/\/www.alibozoglu.com\/wp-content\/uploads\/2020\/02\/089-1024x768.jpg\" alt=\"\" class=\"wp-image-754\" srcset=\"http:\/\/www.alibozoglu.com\/wp-content\/uploads\/2020\/02\/089-1024x768.jpg 1024w, http:\/\/www.alibozoglu.com\/wp-content\/uploads\/2020\/02\/089-300x225.jpg 300w, http:\/\/www.alibozoglu.com\/wp-content\/uploads\/2020\/02\/089-768x576.jpg 768w, http:\/\/www.alibozoglu.com\/wp-content\/uploads\/2020\/02\/089-1536x1152.jpg 1536w, http:\/\/www.alibozoglu.com\/wp-content\/uploads\/2020\/02\/089-80x60.jpg 80w, http:\/\/www.alibozoglu.com\/wp-content\/uploads\/2020\/02\/089.jpg 2048w\" sizes=\"(max-width: 1024px) 100vw, 1024px\" \/><\/figure>\n\n\n\n<p>Y\u0131l 1938 B\u00fcy\u00fck kurtar\u0131c\u0131 Atat\u00fcrk hayatta ve Ba\u015fbakan\u0131 Celal Bayar\nT\u00fcrkiye\u2019nin ekonomik olarak&nbsp; kalk\u0131nmas\u0131nda b\u00fcy\u00fck hizmetleri bulunan ki\u015fi\neserleri ortada T\u00fcrkiye \u0130\u015f Bankas\u0131 Anadolu Sigorta, Milli Reas\u00fcrans, S\u00fcmerbank,\nEtibank gibi kurulu\u015flar\u0131 kuran ki\u015fi&nbsp; Celal Bayar T\u00fcrk denizcili\u011finin\ngeli\u015fmesi i\u00e7in \u00f6nce finansman sorunun \u00e7\u00f6z\u00fclmesi gerekti\u011fine inanarak 27 Aral\u0131k\n1937 tarih ve 3295say\u0131l\u0131 kanunla \u0130ktisat Vek\u00e2letine ba\u011fl\u0131 olarak&nbsp;\nDenizbank kurar.&nbsp; Ba\u015f\u0131nda yak\u0131ndan tan\u0131d\u0131\u011f\u0131 o s\u0131ralarda T\u00fcrkiye \u0130\u015f\nBankas\u0131&nbsp; \u0130stanbul \u015eubesi M\u00fcd\u00fcrl\u00fc\u011f\u00fc\u2019n\u00fc yapan Yusuf Ziya \u00d6ni\u015f\u2019i getirir.\nYusuf Ziya \u00d6ni\u015f 7 Aral\u0131k 1892 y\u0131l\u0131nda \u0130stanbul\u2019da do\u011fmu\u015ftur. Baba Ad\u0131 Mahmut\n\u015eakir Annesinin ad\u0131 Hayriye\u2019dir.14 A\u011fustos 1914 y\u0131l\u0131nda 1.D\u00fcnya Sava\u015f\u0131n\u0131n\n\u00e7\u0131kmas\u0131 nedeniyle askere al\u0131nm\u0131\u015f bu nedenle \u0130stanbul Hukuk Fak\u00fcltesi\u2019nin\n3.S\u0131n\u0131f\u0131ndan ayr\u0131lmak mecburiyetinde kalm\u0131\u015ft\u0131r. Sava\u015f\u0131n bitimi ile 18 Aral\u0131k\n1918 terhis olmu\u015ftur. \u00c7al\u0131\u015fma hayat\u0131na Babas\u0131n\u0131n Ba\u015f M\u00fcd\u00fcr\u00fc olarak g\u00f6rev\nyapt\u0131\u011f\u0131 Reji \u015eirketinin Konya Ba\u015f M\u00fcd\u00fcrl\u00fc\u011f\u00fc Hukuk M\u00fc\u015favirli\u011fi k\u00e2tibi olarak\nba\u015flam\u0131\u015ft\u0131r. 01 Eyl\u00fcl 1917 12 Eyl\u00fcl 1918 y\u0131l\u0131nda \u0130stanbul\u2019a tayin edilmi\u015ftir.\n1922 y\u0131l\u0131nda Galatasaray Kul\u00fcb\u00fc Ba\u015fkanl\u0131\u011f\u0131\u2019n\u0131n yan\u0131 s\u0131ra (1922\u20131924) Futbol\nFederasyonu kurarak ilk Ba\u015fkan\u0131 olmu\u015ftur. Bu g\u00f6revini 1926 tarihine kadar\ns\u00fcrd\u00fcrm\u00fc\u015ft\u00fcr. 1 Aral\u0131k 1924 y\u0131l\u0131nda T\u00fcrkiye \u0130\u015f Bankas\u0131 girmi\u015ftir.&nbsp; \u00c7e\u015fitli\nkademelerde g\u00f6rev yapt\u0131ktan sonra \u00f6nce Ankara \u015eubesi M\u00fcd\u00fcrl\u00fc\u011f\u00fcne sonra \u0130stanbul\n\u015eubesi M\u00fcd\u00fcrl\u00fc\u011f\u00fc g\u00f6revine atanm\u0131\u015ft\u0131r.&nbsp; 11 Ocak 1938 Denizbank Umum\nM\u00fcd\u00fcrl\u00fc\u011f\u00fcne atanm\u0131\u015ft\u0131r. Bu g\u00f6revi 24.01.1939 tarihine kadar s\u00fcrm\u00fc\u015ft\u00fcr. Demokrat\nParti\u2019nin iktidara gelmesiyle 29 Aral\u0131k 1950 tarihinde Devlet Denizyollar\u0131 ve\nLimanlar\u0131 Genel M\u00fcd\u00fcrl\u00fc\u011f\u00fc\u2019ne 01.03.1952 tarihinde ise Celal Bayar\u2019\u0131n d\u00fc\u015f\u00fcncesi\nolan denizcilik sekt\u00f6r\u00fcn\u00fcn finansman sorununu \u00e7\u00f6zmek i\u00e7in bir banka kurulmas\u0131\nd\u00fc\u015f\u00fcncesin \u00fcr\u00fcn\u00fc olan&nbsp; Denizcilik Bankas\u0131 T.A.O Genel M\u00fcd\u00fcrl\u00fc\u011f\u00fc\u2019ne\natanm\u0131\u015ft\u0131r. 04 Temmuz 1957 kadar Genel M\u00fcd\u00fcr 04 Temmuz 1957 tarihinden 27 May\u0131s\n1960 tarihine kadar Y\u00f6netim Kurulu Ba\u015fkan\u0131 olarak g\u00f6rev yapm\u0131\u015ft\u0131r.Denizbank\nkurulmas\u0131n\u0131 m\u00fcteakip \u00e7al\u0131\u015fmalara h\u0131zla ba\u015flanm\u0131\u015f Atat\u00fcrk\u2019\u00fcn b\u00fcy\u00fck hedefi olan\nPendik Tersanesi\u2019nin ger\u00e7ekle\u015ftirmek \u00fczere harekete ge\u00e7ilmi\u015ftir.\n\u00d6ncelikle&nbsp; bu tersanelerde g\u00f6rev yapacak Y\u00fcksek M\u00fchendis ile M\u00fchendislerin\nyeti\u015ftirilmesi amac\u0131yla yurt d\u0131\u015f\u0131na \u00f6\u011frenci g\u00f6nderilmesi d\u00fc\u015f\u00fcncesi \u00f6n plana\n\u00e7\u0131km\u0131\u015ft\u0131r. \u00d6nce 4 ki\u015fi se\u00e7ilmi\u015ftir. Nedret Utkan, Sadullah Bigat ,Tahir S\u00f6ker\nve Feyyaz S\u00f6ker bu \u00f6nc\u00fc grup \u0130ngiltere\u2019ye g\u00f6nderildikten sonra g\u00f6nderilen\ntalebelerin say\u0131s\u0131n\u0131n az oldu\u011fu d\u00fc\u015f\u00fcn\u00fclerek Feridun Serim, Ali Haydaro\u011flu,\nOrhan Atl\u0131man, Tekin G\u00fcc\u00fcm, \u015eamil Urall\u0131 ve Sezai K\u0131z\u0131ltun\u00e7. \u0130ngiltere\u2019ye\ng\u00f6nderilmi\u015ftir. Yine Lise mezunlar\u0131ndan Tar\u0131k Aygen, Ertu\u011frul Ni\u015fel, Osman\nTavil, \u0130lyas Murtazao\u011flu, Fethi Eralp, Nazif Ergin, M\u00fcfit \u0130m\u015fir, Celalettin\nErol ve Celal Ak\u0131n. 9 ki\u015fiden olu\u015fan bir grup Almanya\u2019ya g\u00f6nderilmi\u015ftir. Bu 9\nki\u015filik grup 2.D\u00fcnya sava\u015f\u0131n\u0131n ba\u015flamas\u0131 nedeniyle T\u00fcrkiye\u2019ye geri d\u00f6n\u00fcp bir\ny\u0131l sonra Gemi \u0130nsa M\u00fchendisi olmak i\u00e7in \u0130ngiltere\u2019ye g\u00f6nderiliyorlar. Bunun\nharicinde orta okul mezunu olun 20 ki\u015filik bir grupta \u00f6nce Almanya\u2019ya daha\nsonra \u0130ngiltere\u2019ye g\u00f6nderiliyorlar. Yurt d\u0131\u015f\u0131na g\u00f6nderilen bu ki\u015filer e\u011fitimini\ntamamlarken Yurt i\u00e7inde de gemi in\u015fa sekt\u00f6r\u00fcne deneyimli ve bilgili insan\nyeti\u015ftirmek ve&nbsp; i\u00e7in ara\u015ft\u0131rmalar yap\u0131l\u0131yor.<\/p>\n\n\n\n<figure class=\"wp-block-image size-large\"><img loading=\"lazy\" decoding=\"async\" width=\"1024\" height=\"768\" src=\"http:\/\/www.alibozoglu.com\/wp-content\/uploads\/2020\/02\/095-1024x768.jpg\" alt=\"\" class=\"wp-image-755\" srcset=\"http:\/\/www.alibozoglu.com\/wp-content\/uploads\/2020\/02\/095-1024x768.jpg 1024w, http:\/\/www.alibozoglu.com\/wp-content\/uploads\/2020\/02\/095-300x225.jpg 300w, http:\/\/www.alibozoglu.com\/wp-content\/uploads\/2020\/02\/095-768x576.jpg 768w, http:\/\/www.alibozoglu.com\/wp-content\/uploads\/2020\/02\/095-1536x1152.jpg 1536w, http:\/\/www.alibozoglu.com\/wp-content\/uploads\/2020\/02\/095-80x60.jpg 80w, http:\/\/www.alibozoglu.com\/wp-content\/uploads\/2020\/02\/095.jpg 2048w\" sizes=\"(max-width: 1024px) 100vw, 1024px\" \/><\/figure>\n\n\n\n<p>1927 y\u0131l\u0131nda Galata&#8217;da 3 m\u00fcte\u015febbis i\u015f adam\u0131n\u0131n, ticari ama\u00e7larla \u00abMakine,\nMotor ve Elektrik Okulu\u00bb ad\u0131 alt\u0131nda \u00f6zel olarak a\u00e7t\u0131klar\u0131 fakat o y\u0131llarda bu\nokulun devrin Milli E\u011fitim Bakanl\u0131\u011f\u0131nca derece ve muadeletinin tan\u0131nmamas\u0131\nnedeniyle istenilen sonuca ula\u015famayan&nbsp; okul Denizbank taraf\u0131ndan 1938\ny\u0131l\u0131nda sat\u0131n al\u0131nd\u0131 ve&nbsp; Hali\u00e7 Tersanesi i\u00e7inde&nbsp; faaliyet ge\u00e7irerek\nteknisyenlerin yeti\u015fmesini sa\u011flam\u0131\u015ft\u0131r. Okul 1938 \u2013 1945 y\u0131llar\u0131\naras\u0131nda,&nbsp; 1 \u2013 2 y\u0131ll\u0131k mesleki kurslar \u015feklinde faaliyette bulunmu\u015f, daha\nsonra da \u00f6\u011fretim s\u00fcresi 4 y\u0131la \u00e7\u0131kar\u0131larak \u00abSANAT \u00c7IRAK OKULU\u00bb haline getirilmi\u015ftir.<br>\n1945 \u2013 1946 \u00f6\u011fretim y\u0131l\u0131 ba\u015f\u0131ndan 1960 \u2013\n1961 \u00f6\u011fretim y\u0131l\u0131 sonuna kadar \u00abORTA SANAT OKULU\u00bb ad\u0131 alt\u0131nda g\u00f6rev yapm\u0131\u015f,\n1961 \u2013 1962 \u00f6\u011fretim y\u0131l\u0131ndan 1964 \u2013 1965 \u00f6\u011fretim y\u0131l\u0131 sonuna kadar \u00abSANAT: ORTA\nOKULU\u00bb olarak faaliyette bulunmu\u015f, 1965 -1966 \u00f6\u011fretim y\u0131l\u0131ndan itibaren\n\u00abDEN\u0130ZC\u0130L\u0130K BANKASI ERKEK SANAT ENST\u0130T\u00dcS\u00dc\u00bb haline getirilmi\u015f, daha sonra okulun\nad\u0131 \u00abGEM\u0130 YAPI SANAT ENST\u0130T\u00dcS\u00dc\u00bb olarak de\u011fi\u015ftirilmi\u015ftir. Okul 1982 y\u0131l\u0131nda kapat\u0131lm\u0131\u015ft\u0131r.Gemi\n\u0130n\u015fa sekt\u00f6r\u00fcne ba\u015fta Ali Can olmak \u00fczere uzun y\u0131llar \u00e7ok de\u011ferli ve k\u0131ymetli\nelemanlar yeti\u015ftirmi\u015f ve gemi in\u015fa sanayimizin bu g\u00fcnlere gelmesinde \u00e7ok b\u00fcy\u00fck\nfaydalar sa\u011flam\u0131\u015ft\u0131r. Y\u0131lda 4 milyar dolar kazand\u0131ran ve&nbsp; 50 bin ki\u015fiye i\u015f\nimkan\u0131 sa\u011flayan Tuzla Tersanelerinde bu okuldan yeti\u015fen ki\u015filer m\u00fchendis,\nteknisyen ustaba\u015f\u0131 ve ta\u015feron olarak halen hizmet etmektedirler. Bu ki\u015filerin\nyeti\u015fmesinde eme\u011fi olan bir ki\u015fide Hamdi KARAHASAN\u2019d\u0131r.Hamdi Karahasan 29 May\u0131s\n-1324)10.06.1909 tarihinde Artvin\u2019in Hopa il\u00e7esinde do\u011fduBaba ad\u0131 Cafer Sad\u0131k\nAnne ad\u0131: Safiye\u2019dir. 1928\u20131929 d\u00f6neminde \u0130stiklal Lisesini bitirdi. \u00c7al\u0131\u015fma\nhayat\u0131na \u0130stanbul Erkek Lisesi\u2019nde Muallim Muavini olarak ba\u015flad\u0131. \u00c7e\u015fitli\ndevlet dairelerinde memur olarak \u00e7al\u0131\u015ft\u0131. Okullarda T\u00fcrk\u00e7e \u00d6\u011fretmenli\u011fi\nyapt\u0131.30.12.1945 tarihinde Gemi Yap\u0131 Meslek Lisesi\u2019ne M\u00fcd\u00fcr olarak atand\u0131 bu\ng\u00f6revde emekli oldu\u011fu 10.06.1973 tarihine kadar bulundu \u00fcst\u00fcn gayretleri ve\n\u00e7al\u0131\u015fmas\u0131 nedeniyle \u00e7e\u015fitli m\u00fck\u00e2fatlar ald\u0131. Gemi Yap\u0131 Meslek Lisesi\u2019nde\nY\u00fczlerce \u00f6\u011frencinin yeti\u015fmesinde \u00f6nemli katk\u0131lar sa\u011flad\u0131.\u201d&nbsp; \u0130smi\n\u00f6\u011frencilerinin Hali\u00e7 Tersanesinde in\u015fa etti\u011fi bir&nbsp; gemiye ad\u0131 verildiDisiplini\nile \u00e7al\u0131\u015fkanl\u0131\u011f\u0131 ile herkesin takdirini kazanan Hamdi Karahasan \u00f6\u011frencilerini\nyaln\u0131z&nbsp; gemi in\u015fa bilgisi vermemi\u015ftir. \u00d6\u011frencilerinin hayata\nhaz\u0131rlam\u0131\u015ft\u0131r. Onlara oturmay\u0131, kalkmay\u0131, yemek yeme\u011fi insanlara nas\u0131l hitap\nedilece\u011fini merdivenlerde nas\u0131l inilip \u00e7\u0131k\u0131laca\u011f\u0131n\u0131 \u00f6\u011fretmi\u015ftir onun i\u00e7in\n\u00f6\u011frencileri hayatta daima ba\u015far\u0131 kazanm\u0131\u015ft\u0131r. \u00d6\u011fretim d\u00fczeyi o kadar y\u00fcksekti\nki bu okuldan mezun olup \u00dcniversiteye gidip m\u00fchendislik e\u011fitimi g\u00f6ren ki\u015filer\nvard\u0131r bunlar\u0131n ba\u015f\u0131nda Ali Can gelmektedir.T\u00fcrk gemi \u0130n\u015fa sanayinin\nduayenlerinden biri olan Ali Can yeti\u015fti\u011fi Hali\u00e7 Tersanesi\u2019ne M\u00fcd\u00fcr olduktan\nsonra Denizcilik Bankas\u0131 T.A.O uzun y\u0131llar Genel M\u00fcd\u00fcr Yard\u0131mc\u0131s\u0131 olarak hizmet\netmi\u015ftir.<\/p>\n\n\n\n<figure class=\"wp-block-image size-large\"><img loading=\"lazy\" decoding=\"async\" width=\"1024\" height=\"683\" src=\"http:\/\/www.alibozoglu.com\/wp-content\/uploads\/2020\/02\/87111880_784026752088065_7489255789681442816_n-1024x683.jpg\" alt=\"\" class=\"wp-image-756\" srcset=\"http:\/\/www.alibozoglu.com\/wp-content\/uploads\/2020\/02\/87111880_784026752088065_7489255789681442816_n-1024x683.jpg 1024w, http:\/\/www.alibozoglu.com\/wp-content\/uploads\/2020\/02\/87111880_784026752088065_7489255789681442816_n-300x200.jpg 300w, http:\/\/www.alibozoglu.com\/wp-content\/uploads\/2020\/02\/87111880_784026752088065_7489255789681442816_n-768x512.jpg 768w, http:\/\/www.alibozoglu.com\/wp-content\/uploads\/2020\/02\/87111880_784026752088065_7489255789681442816_n-90x60.jpg 90w, http:\/\/www.alibozoglu.com\/wp-content\/uploads\/2020\/02\/87111880_784026752088065_7489255789681442816_n.jpg 1200w\" sizes=\"(max-width: 1024px) 100vw, 1024px\" \/><\/figure>\n\n\n\n<p>\u00d6zel Sekt\u00f6rde de \u00e7e\u015fitli tersanelerde g\u00f6rev yapan Ali Can Tuzla\nTersanelerinin kurulu\u015funda da \u00f6nemli g\u00f6revler \u00fcslenmi\u015ftir Ali Can 1936 y\u0131l\u0131nda\n\u0130stanbul\u2019da do\u011fmu\u015ftur.1951 y\u0131l\u0131nda&nbsp; Sanat: Orta Okulu birincilikle\nbitirmi\u015f Sultanahmet Sanat Enstit\u00fcs\u00fcnden&nbsp; 1960 y\u0131l\u0131nda&nbsp; Y\u0131ld\u0131z&nbsp;\nTeknik \u00dcniversitesi\u2019nden birincilikle mezun olup Makine Y\u00fcksek M\u00fchendisi\nolmu\u015ftur. S\u0131ras\u0131yla Camialt\u0131 Tersanesi Diyazn \u015eefli\u011finde, \u0130stinye Tersanesi\nTicaret \u015eefli\u011finde \u0130\u015fletme ve Planlama Ba\u015f M\u00fchendisli\u011finde \u00e7al\u0131\u015ft\u0131ktan sonra 10\nMart 1973 tarihinde \u00f6\u011frenci olarak girdi\u011fi ve i\u015f\u00e7i olarak \u00e7al\u0131\u015ft\u0131\u011f\u0131 Hali\u00e7\ntersanesi\u2019ne M\u00fcd\u00fcr olarak atanm\u0131\u015ft\u0131r. 1977 y\u0131l\u0131nda Denizcilik Bankas\u0131 T.A.O\nY\u00f6netim Kurulu \u00dcyeli\u011fi ve Genel M\u00fcd\u00fcr Yard\u0131mc\u0131s\u0131 olarak g\u00f6rev yapm\u0131\u015ft\u0131r. Bu\ng\u00f6revi&nbsp; 1984 y\u0131l\u0131na kadar devam etmi\u015ftir.&nbsp;<br>\n&nbsp;<br>\nYine bu okuldan mezun olup Askerli\u011fi esnas\u0131nda kat\u0131ld\u0131\u011f\u0131 K\u0131br\u0131s \u00c7\u0131karmas\u0131nda\n\u015fehit d\u00fc\u015f\u00fcn Mustafa Aydo\u011fdu\u2019da bu okuldan mezun olmu\u015ftur. 10 Aral\u0131k 1952\ny\u0131l\u0131nda \u0130stanbul \u015eile\u2019de do\u011fdu Baba ad\u0131 S\u00fcleyman Anne ad\u0131 Emine Kurulu\u015fumuza\nait Gemi Yap\u0131 Teknisyen Okulu ve Sanat Enstit\u00fcs\u00fcnden 1972 yaz d\u00f6neminden mezun\nolmu\u015ftur. 15 Eyl\u00fcl 1972 y\u0131l\u0131nda \u0130stinye Tersanesi Boru At\u00f6lyesi\u2019nde \u0130\u015f\u00e7i olarak\ng\u00f6reve ba\u015flam\u0131\u015ft\u0131r. 05 Kas\u0131m 1973 tarihinde Askerlik g\u00f6revini yapmak \u00fczere\nayr\u0131lm\u0131\u015ft\u0131r. 1974 y\u0131l\u0131nda \u00c7avu\u015f r\u00fctbesiyle kat\u0131ld\u0131\u011f\u0131 K\u0131br\u0131s Bar\u0131\u015f Hareketinde\n\u015fehit d\u00fc\u015fm\u00fc\u015ft\u00fcr. \u201c&nbsp; \u0130smi 1981 y\u0131l\u0131nda \u00e7al\u0131\u015ft\u0131\u011f\u0131 tersanede arkada\u015flar\u0131nca\nin\u015fa edilen \u015eehirhatlar\u0131 gemisine verilmi\u015ftir.<\/p>\n\n\n\n<figure class=\"wp-block-image size-large\"><img loading=\"lazy\" decoding=\"async\" width=\"1024\" height=\"679\" src=\"http:\/\/www.alibozoglu.com\/wp-content\/uploads\/2020\/02\/85189617_604833017039413_8660203993584107520_n-1024x679.jpg\" alt=\"\" class=\"wp-image-757\" srcset=\"http:\/\/www.alibozoglu.com\/wp-content\/uploads\/2020\/02\/85189617_604833017039413_8660203993584107520_n-1024x679.jpg 1024w, http:\/\/www.alibozoglu.com\/wp-content\/uploads\/2020\/02\/85189617_604833017039413_8660203993584107520_n-300x199.jpg 300w, http:\/\/www.alibozoglu.com\/wp-content\/uploads\/2020\/02\/85189617_604833017039413_8660203993584107520_n-768x509.jpg 768w, http:\/\/www.alibozoglu.com\/wp-content\/uploads\/2020\/02\/85189617_604833017039413_8660203993584107520_n-91x60.jpg 91w, http:\/\/www.alibozoglu.com\/wp-content\/uploads\/2020\/02\/85189617_604833017039413_8660203993584107520_n.jpg 1154w\" sizes=\"(max-width: 1024px) 100vw, 1024px\" \/><\/figure>\n\n\n\n<p>Bu okuldan mezun olanlar aras\u0131nda bu g\u00fcn T\u00fcrkiye\u2019nin say\u0131l\u0131 armat\u00f6rlerinden\nbiri olan&nbsp; Nevzat Kalkavan ile karde\u015fi Mehmet Kalkavan bu okuldan\nmezundur.<\/p>\n\n\n\n<p>Burada isimlerini sayamayaca\u011f\u0131m y\u00fczlerce ki\u015fi&nbsp; bu okuldan mezun olup\ny\u00fcksek tahsil yaparak \u00e7al\u0131\u015ft\u0131klar\u0131 kurumlarda \u00fcst kademe y\u00f6neticili\u011fine kadar\n\u00e7\u0131km\u0131\u015flard\u0131r. Ve bu okuldan mezun olan ve halen gemi in\u015fa sanayinde \u00e7al\u0131\u015fan bu\ninsanlar gemi in\u015fa sanayinin&nbsp; bu g\u00fcnlere gelmesinde inkar edilemiyacak bir\nkatk\u0131 sa\u011flam\u0131\u015flard\u0131r. Ve Gemi \u0130n\u015fa Sanayimiz halen bu okuldan mezun olan\ninsanlar\u0131n omuzlar\u0131ndad\u0131r. Bu omuzlar art\u0131k yorgun d\u00fc\u015fmektedir.Bu g\u00fcn\nM\u00fchendisler ile \u0130\u015f\u00e7iler aras\u0131nda ba\u011flant\u0131 kuracak ara insan (Teknisyen) \u2018e&nbsp;\n\u015fiddetle ihtiya\u00e7 vard\u0131r&nbsp; Bu sekt\u00f6r\u00fcn geli\u015fmesi i\u00e7in \u00f6ncelikle orta\n\u00f6\u011frenimden sonra&nbsp; k\u0131sa s\u00fcreli Mesleki Kurslar a\u00e7\u0131lmal\u0131 sonra mutlaka&nbsp;\nGemi Yap\u0131 Meslek Lisesi&nbsp; kurulmal\u0131 ve yeni kurulan Piri Reis\n\u00dcniversitesi\u2019nin i\u00e7inde mi yoksa Teknik \u00dcniversite\u2019nin i\u00e7inde mi&nbsp; Gemi\nYap\u0131 Meslek Y\u00fcksek Okulu da&nbsp; mutlaka a\u00e7\u0131lmal\u0131d\u0131r. \u0130yi yeti\u015fmi\u015f insan g\u00fcc\u00fc\ninan\u0131yorum ki bu sekt\u00f6r\u00fc bulundu\u011fu yerden daha ileriye g\u00f6t\u00fcrecektir. Bu \u00f6\u011fretim\nkurullar\u0131 a\u00e7\u0131lmas\u0131 \u00f6ncelikle orta \u00f6\u011fretimden sonra a\u00e7\u0131lacak 1-2 y\u0131ll\u0131k mesleki\nkurslar gemi in\u015fa sanayimizi geli\u015ftirdi\u011fi gibi i\u015f kazalar\u0131n\u0131 da minimuma\nindirecektir.<\/p>\n\n\n\n<figure class=\"wp-block-image size-large\"><img loading=\"lazy\" decoding=\"async\" width=\"1024\" height=\"507\" src=\"http:\/\/www.alibozoglu.com\/wp-content\/uploads\/2020\/02\/85256072_799184183920850_5545787288719458304_n-1024x507.jpg\" alt=\"\" class=\"wp-image-758\" srcset=\"http:\/\/www.alibozoglu.com\/wp-content\/uploads\/2020\/02\/85256072_799184183920850_5545787288719458304_n-1024x507.jpg 1024w, http:\/\/www.alibozoglu.com\/wp-content\/uploads\/2020\/02\/85256072_799184183920850_5545787288719458304_n-300x149.jpg 300w, http:\/\/www.alibozoglu.com\/wp-content\/uploads\/2020\/02\/85256072_799184183920850_5545787288719458304_n-768x380.jpg 768w, http:\/\/www.alibozoglu.com\/wp-content\/uploads\/2020\/02\/85256072_799184183920850_5545787288719458304_n-121x60.jpg 121w, http:\/\/www.alibozoglu.com\/wp-content\/uploads\/2020\/02\/85256072_799184183920850_5545787288719458304_n.jpg 1300w\" sizes=\"(max-width: 1024px) 100vw, 1024px\" \/><\/figure>\n\n\n\n<p>Uzak g\u00f6r\u00fc\u015fl\u00fcl\u00fc\u011f\u00fc ile T\u00fcrkiye\u2019nin kalk\u0131nmas\u0131nda \u00f6nemli bir rol oynayan\nDenizbank ve Denizcilik Bankas\u0131&nbsp; T.A.O kurarak denizcili\u011fe b\u00fcy\u00fck \u00f6nem\nveren Celal Bayar ile yurt d\u0131\u015f\u0131nda \u00f6\u011frenci okutma fikrini geli\u015ftirip uygulayan\nve kurumuna kazand\u0131rd\u0131\u011f\u0131 Gemi Yap\u0131 meslek Lisesini a\u00e7arak ara insan ihtiyac\u0131n\u0131\nkar\u015f\u0131layarak T\u00fcrk Gemi \u0130n\u015fa Sanayi\u2019nin geli\u015fmesinde \u00f6nemli rol oynayan Yusuf\nZiya \u00d6ni\u015f\u2019i rahmet ve minnetle an\u0131yorum.<\/p>\n","protected":false},"excerpt":{"rendered":"<p>Bu g\u00fcnlerde hangi televizyonu a\u00e7arsan\u0131z a\u00e7\u0131n hangi gazeteyi okursan\u0131z okuyun seyretti\u011finiz televizyon haberlerinde veya okudu\u011funuz gazetede Tuzla\u2019da bulunan tersanelerden mutlaka bir haber vard\u0131r.Ne yaz\u0131k ki bu haberlerin b\u00fcy\u00fck bir \u00e7o\u011funlu\u011fu&nbsp; i\u015f\u00e7i \u00f6l\u00fcmleri ile ilgilidir. \u00c7ok yaz\u0131k&nbsp; yan sanayisi ile birlikte y\u0131lda 4 Milyar dolarl\u0131k bir girdisi olan ve 50 bin ki\u015fiye istihdam olana\u011f\u0131 sa\u011flayan bu &hellip; <\/p>\n","protected":false},"author":1,"featured_media":759,"comment_status":"open","ping_status":"open","sticky":false,"template":"","format":"standard","meta":{"footnotes":""},"categories":[8],"tags":[],"_links":{"self":[{"href":"http:\/\/www.alibozoglu.com\/index.php\/wp-json\/wp\/v2\/posts\/751"}],"collection":[{"href":"http:\/\/www.alibozoglu.com\/index.php\/wp-json\/wp\/v2\/posts"}],"about":[{"href":"http:\/\/www.alibozoglu.com\/index.php\/wp-json\/wp\/v2\/types\/post"}],"author":[{"embeddable":true,"href":"http:\/\/www.alibozoglu.com\/index.php\/wp-json\/wp\/v2\/users\/1"}],"replies":[{"embeddable":true,"href":"http:\/\/www.alibozoglu.com\/index.php\/wp-json\/wp\/v2\/comments?post=751"}],"version-history":[{"count":1,"href":"http:\/\/www.alibozoglu.com\/index.php\/wp-json\/wp\/v2\/posts\/751\/revisions"}],"predecessor-version":[{"id":760,"href":"http:\/\/www.alibozoglu.com\/index.php\/wp-json\/wp\/v2\/posts\/751\/revisions\/760"}],"wp:featuredmedia":[{"embeddable":true,"href":"http:\/\/www.alibozoglu.com\/index.php\/wp-json\/wp\/v2\/media\/759"}],"wp:attachment":[{"href":"http:\/\/www.alibozoglu.com\/index.php\/wp-json\/wp\/v2\/media?parent=751"}],"wp:term":[{"taxonomy":"category","embeddable":true,"href":"http:\/\/www.alibozoglu.com\/index.php\/wp-json\/wp\/v2\/categories?post=751"},{"taxonomy":"post_tag","embeddable":true,"href":"http:\/\/www.alibozoglu.com\/index.php\/wp-json\/wp\/v2\/tags?post=751"}],"curies":[{"name":"wp","href":"https:\/\/api.w.org\/{rel}","templated":true}]}}