{"id":690,"date":"2020-02-17T20:59:04","date_gmt":"2020-02-17T20:59:04","guid":{"rendered":"http:\/\/www.alibozoglu.com\/?p=690"},"modified":"2020-05-17T12:11:53","modified_gmt":"2020-05-17T12:11:53","slug":"denizciligin-merkezi-merkez-rihtim-han","status":"publish","type":"post","link":"http:\/\/www.alibozoglu.com\/index.php\/2020\/02\/17\/denizciligin-merkezi-merkez-rihtim-han\/","title":{"rendered":"DEN\u0130ZC\u0130L\u0130\u011e\u0130N MERKEZ\u0130 MERKEZ RIHTIM HAN"},"content":{"rendered":"\n<figure class=\"wp-block-image size-large\"><img loading=\"lazy\" decoding=\"async\" width=\"1024\" height=\"659\" src=\"http:\/\/www.alibozoglu.com\/wp-content\/uploads\/2020\/02\/Galata-R\u0131ht\u0131m\u0131-1935-\u00f6ncesi-1024x659.jpg\" alt=\"\" class=\"wp-image-694\" srcset=\"http:\/\/www.alibozoglu.com\/wp-content\/uploads\/2020\/02\/Galata-R\u0131ht\u0131m\u0131-1935-\u00f6ncesi-1024x659.jpg 1024w, http:\/\/www.alibozoglu.com\/wp-content\/uploads\/2020\/02\/Galata-R\u0131ht\u0131m\u0131-1935-\u00f6ncesi-300x193.jpg 300w, http:\/\/www.alibozoglu.com\/wp-content\/uploads\/2020\/02\/Galata-R\u0131ht\u0131m\u0131-1935-\u00f6ncesi-768x494.jpg 768w, http:\/\/www.alibozoglu.com\/wp-content\/uploads\/2020\/02\/Galata-R\u0131ht\u0131m\u0131-1935-\u00f6ncesi-93x60.jpg 93w, http:\/\/www.alibozoglu.com\/wp-content\/uploads\/2020\/02\/Galata-R\u0131ht\u0131m\u0131-1935-\u00f6ncesi.jpg 1484w\" sizes=\"(max-width: 1024px) 100vw, 1024px\" \/><\/figure>\n\n\n\n<p>T\u00fcrkiye Denizcilik\n\u0130\u015fletmeleri\u2019ne ait Karak\u00f6y\u2019deki Genel M\u00fcd\u00fcrl\u00fck binas\u0131ndan ba\u015flayarak Deniz\nticaret Odas\u0131n\u0131n bulundu\u011fu yere kadar ki alan\u0131n 30 y\u0131l s\u00fcreyle\ni\u015fletme hakk\u0131n\u0131n Do\u011fu\u015f Holding A.\u015e.&#8217;ye verilmesine ili\u015fkin\n\u00d6zelle\u015ftirme Y\u00fcksek Kurulu&#8217;nun 04.10.2013 tarih ve 2013\/157 say\u0131l\u0131 Karar\u0131 Resmi\nGazete&#8217;de 09.10.2013 tarihinde yay\u0131mlanm\u0131\u015ft\u0131r. Gerekli i\u015flemlerin yap\u0131lmas\u0131 ve\ns\u00f6zle\u015fme imzalanmas\u0131 i\u00e7in Do\u011fu\u015f Holding A.\u015e.&#8217;ye 18.12.2013\nmesai saati bitimine kadar s\u00fcre verilmi\u015ftir. Bu s\u00fcre bilahare 18 \u015eubat 2014\ntarihine kadar uzat\u0131lm\u0131\u015ft\u0131r. <\/p>\n\n\n\n<p>&nbsp;&nbsp;&nbsp;&nbsp;&nbsp;&nbsp;&nbsp;&nbsp; Do\u011fu\u015f Holding kendisine verilen s\u00fcrenin bitmesini beklemeden 14 \u015eubat 2014 tarihinde \u00f6zelle\u015ftirme bedeli olan 702 milyon dolar\u0131 \u00d6zelle\u015ftirme \u0130daresi Ba\u015fkanl\u0131\u011f\u0131\u2019na yat\u0131rarak Karak\u00f6y\u2019de bulunan Denizcilik \u0130\u015fletmeleri A.\u015e Genel M\u00fcd\u00fcrl\u00fc\u011f\u00fc binas\u0131ndan Deniz Ticaret Odas\u0131\u2019n\u0131n bulundu\u011fu alana kadar alan\u0131 kapsayan b\u00f6lgenin 30 y\u0131l s\u00fcre ile kiralam\u0131\u015f olmu\u015ftur.&nbsp; Bu geli\u015fmeler \u00fczerine T\u00fcrkiye Denizcilik \u0130\u015fletmeleri A.\u015e ile 1936 y\u0131l\u0131ndan bu g\u00fcne kadar denizcili\u011fin merkezi olarak an\u0131lan, Merkez R\u0131ht\u0131m Han ta\u015f\u0131nma i\u015flemlerini ba\u015flatm\u0131\u015f 20 \u015eubat tarihine kadar da binay\u0131 tamamen bo\u015faltm\u0131\u015f olacakt\u0131r. Merkez R\u0131ht\u0131m Han ile yolcu salonu ve \u0130stanbul G\u00fcmr\u00fck Ba\u015f M\u00fcd\u00fcrl\u00fc\u011f\u00fc\u2019n\u00fcn bulundu\u011fu \u00c7inili R\u0131ht\u0131m Han\u2019\u0131n bulundu\u011fu b\u00f6lge Sal\u0131pazar\u0131 Projesinde g\u00f6sterildi\u011fi \u00fczere otel olacakt\u0131r.<\/p>\n\n\n\n<figure class=\"wp-block-image size-large\"><img loading=\"lazy\" decoding=\"async\" width=\"1024\" height=\"771\" src=\"http:\/\/www.alibozoglu.com\/wp-content\/uploads\/2020\/02\/DSC00114-1-1024x771.jpg\" alt=\"\" class=\"wp-image-693\" srcset=\"http:\/\/www.alibozoglu.com\/wp-content\/uploads\/2020\/02\/DSC00114-1-1024x771.jpg 1024w, http:\/\/www.alibozoglu.com\/wp-content\/uploads\/2020\/02\/DSC00114-1-300x226.jpg 300w, http:\/\/www.alibozoglu.com\/wp-content\/uploads\/2020\/02\/DSC00114-1-768x578.jpg 768w, http:\/\/www.alibozoglu.com\/wp-content\/uploads\/2020\/02\/DSC00114-1-80x60.jpg 80w, http:\/\/www.alibozoglu.com\/wp-content\/uploads\/2020\/02\/DSC00114-1.jpg 1360w\" sizes=\"(max-width: 1024px) 100vw, 1024px\" \/><figcaption>SANYO DIGITAL CAMERA<\/figcaption><\/figure>\n\n\n\n<p>&nbsp;&nbsp;&nbsp;&nbsp;&nbsp;&nbsp;&nbsp;&nbsp; T\u00fcrkiye Denizcilik \u0130\u015fletmeleri 1843\ntarihinde Feveid-i Osmaniye ad\u0131 alt\u0131nda &nbsp;1 &#8211; Civar anlam\u0131na gelen\nSevahili M\u00fc\u00adtecavire&nbsp;&nbsp;&nbsp; 2 &#8211; Yak\u0131n\nsahiller anlam\u0131na gelen&nbsp; Se\u00advahil-i Karibe&nbsp;&nbsp; 3 &#8211; Uzak Sahiller anlam\u0131na gelen Se\u00advahil-i\nBaide\u2019 yolcu ve y\u00fck ta\u015f\u0131mak amac\u0131yla kurulmu\u015ftur. \u0130dare s\u0131ras\u0131yla \u0130dare-i\nAziziye, Mahsusa Osmanl\u0131 Seyr-i Sefain \u0130daresi, T\u00fcrkiye Seyri Sefain \u0130daresi,\nDenizyollar\u0131, Akay ve Fabrika ve Havuzlar M\u00fcd\u00fcrl\u00fc\u011f\u00fc, Denizbank, Devlet Denizyollar\u0131\nUmum M\u00fcd\u00fcrl\u00fc\u011f\u00fc T\u00fcrkiye Denizyollar\u0131 ve Limanlar\u0131 Umum M\u00fcd\u00fcrl\u00fc\u011f\u00fc, Denizcilik\nBankas\u0131 T.A.O ve 1985 tarihinde T\u00fcrkiye Denizcilik \u0130\u015fletmeleri ad\u0131n\u0131 alm\u0131\u015ft\u0131r.<\/p>\n\n\n\n<p>&nbsp;&nbsp;&nbsp;&nbsp;&nbsp;&nbsp;&nbsp;&nbsp; B\u00fcnyesinde bulunan \u015eilep\u00e7ilik ve\nTankercilik \u0130\u015fletmesi 1955 y\u0131l\u0131nda kurumdan ayr\u0131larak DB Deniz Nakliyat\u0131 ad\u0131\nile kurulan kurumun b\u00fcnyesinde yer alm\u0131\u015ft\u0131r. Yine kurulum b\u00fcnyesinde yer alan\nBankac\u0131l\u0131k 1984 y\u0131l\u0131nda kurumdan Ayr\u0131larak Denizcilik Bankas\u0131 T.A.\u015e ad\u0131n\u0131\nalm\u0131\u015ft\u0131r.&nbsp; Hali\u00e7, Camial\u0131, \u0130stinye,\nAlaybey ve Pendik Tersanesi ile Pendik Motor Fabrikas\u0131 ise 1985 y\u0131l\u0131nda\nkurumdan ayr\u0131larak yeni kurulan T\u00fcrkiye Gemi Sanayi Genel M\u00fcd\u00fcrl\u00fc\u011f\u00fc\u2019ne\nba\u011flanm\u0131\u015ft\u0131r.1997 tarihine kadar \u00f6nce \u0130zmir Liman\u0131 sonra Van G\u00f6l\u00fc \u0130\u015fletmesi\nTCDD Genel M\u00fcd\u00fcrl\u00fc\u011f\u00fc\u2019ne ba\u011flan\u0131rken yine b\u00fcnyesinde bulunan K\u0131y\u0131 Emniyeti ve\nGemi Kurtarma \u0130\u015fletmeleri kurumdan ayr\u0131larak yeni kurulan K\u0131y\u0131 Emniyeti Genel\nM\u00fcd\u00fcrl\u00fc\u011f\u00fc\u2019ne ba\u011flanm\u0131\u015ft\u0131r. 2002 y\u0131l\u0131na kadar b\u00fcnyesinde bulunan Limanlar\n\u00d6zelle\u015ftirme \u0130daresi Ba\u015fkanl\u0131\u011f\u0131\u2019nca \u0130\u015fletme hakk\u0131 devir s\u00f6zle\u015fmesi ile&nbsp; \u00f6zel sekt\u00f6re devredilmi\u015ftir. 2002 y\u0131l\u0131nda\nT\u00fcrkiye Gemi Sanayi&nbsp; <\/p>\n\n\n\n<figure class=\"wp-block-image size-large\"><img loading=\"lazy\" decoding=\"async\" width=\"885\" height=\"1024\" src=\"http:\/\/www.alibozoglu.com\/wp-content\/uploads\/2020\/02\/img344-885x1024.jpg\" alt=\"\" class=\"wp-image-695\" srcset=\"http:\/\/www.alibozoglu.com\/wp-content\/uploads\/2020\/02\/img344-885x1024.jpg 885w, http:\/\/www.alibozoglu.com\/wp-content\/uploads\/2020\/02\/img344-259x300.jpg 259w, http:\/\/www.alibozoglu.com\/wp-content\/uploads\/2020\/02\/img344-768x888.jpg 768w, http:\/\/www.alibozoglu.com\/wp-content\/uploads\/2020\/02\/img344-52x60.jpg 52w, http:\/\/www.alibozoglu.com\/wp-content\/uploads\/2020\/02\/img344.jpg 933w\" sizes=\"(max-width: 885px) 100vw, 885px\" \/><\/figure>\n\n\n\n<p>T\u00fcm\nalacak ve bor\u00e7lar\u0131 ile T\u00fcrkiye Denizcilik \u0130\u015fletmelerine ba\u011flanm\u0131\u015f olup buda sonun\nba\u015flang\u0131c\u0131 olmu\u015ftur.&nbsp; &nbsp;Fevaid-i Osmaniye\u2019den 2005 tarihine kadar\nyolcu ve y\u00fck ta\u015f\u0131mac\u0131l\u0131k faali\u00adyetleri bilindi\u011fi T\u00fcrkiye Denizcilik\n\u0130\u015fletmeleri\u2019ne ba\u011fl\u0131 Denizyollar\u0131 \u0130\u015fletmesi ile \u015eehirhatlar\u0131 \u0130\u015fletmesi\narac\u0131l\u0131\u011f\u0131 ile yapmakta idi bu iki kurumun kapanmas\u0131 ve 1923 y\u0131l\u0131nda g\u00f6rev\nolarak verilen K\u0131lavuzluk ve Rom\u00f6rkc\u00fcl\u00fck Hizmetleri\u2019nin 2010 y\u0131l\u0131nda K\u0131y\u0131\nEmniyeti\u2019ne ba\u011flanas\u0131 ile misyonsuz kalan T\u00fcrkiye Denizcilik \u0130\u015fletmeleri\u2019\nyapt\u0131\u011f\u0131 hizmetleri, T\u00fcrk Ekonomisine yapt\u0131\u011f\u0131 katk\u0131 ve yaratt\u0131\u011f\u0131 istihdam ile\ntarihin alt\u0131n sayfalar\u0131nda ki yerini alm\u0131\u015ft\u0131r.<\/p>\n\n\n\n<figure class=\"wp-block-image size-large\"><img loading=\"lazy\" decoding=\"async\" width=\"1024\" height=\"777\" src=\"http:\/\/www.alibozoglu.com\/wp-content\/uploads\/2020\/02\/S29-1024x777.jpg\" alt=\"\" class=\"wp-image-696\" srcset=\"http:\/\/www.alibozoglu.com\/wp-content\/uploads\/2020\/02\/S29-1024x777.jpg 1024w, http:\/\/www.alibozoglu.com\/wp-content\/uploads\/2020\/02\/S29-300x228.jpg 300w, http:\/\/www.alibozoglu.com\/wp-content\/uploads\/2020\/02\/S29-768x583.jpg 768w, http:\/\/www.alibozoglu.com\/wp-content\/uploads\/2020\/02\/S29-1536x1165.jpg 1536w, http:\/\/www.alibozoglu.com\/wp-content\/uploads\/2020\/02\/S29-2048x1554.jpg 2048w, http:\/\/www.alibozoglu.com\/wp-content\/uploads\/2020\/02\/S29-79x60.jpg 79w\" sizes=\"(max-width: 1024px) 100vw, 1024px\" \/><\/figure>\n\n\n\n<p>T\u00fcrkiye\nDenizcilik \u0130\u015fletmeleri\u2019nce uzun y\u0131llar Genel M\u00fcd\u00fcrl\u00fck binas\u0131 olarak kullan\u0131lan Merkez\nR\u0131ht\u0131m han 1890 y\u0131l\u0131nda imtiyaz verilerek kurulan \u0130stanbul R\u0131ht\u0131m Dok ve\nAntrepo \u015eirketi taraf\u0131ndan deniz doldurularak elde edilen arazi \u00fczerinde\n\u015firkete gelir getirmek amac\u0131yla in\u015fa edilmi\u015ftir. &nbsp;Kurumun eski \u00e7al\u0131\u015fanlar\u0131ndan Zihni Bilge\u2019nin\n1948 ve 1955 bas\u0131m\u0131 olan \u0130stanbul R\u0131ht\u0131mlar\u0131 Tarih\u00e7esi kitab\u0131nda \u00c7inili R\u0131ht\u0131m Han 1910 &#8211; 1911 senelerinde in\u015fa edile\u00adrek 733.000 frank&#8217;a mal\noldu\u011fu Merkez R\u0131ht\u0131m Han\u2019n\u0131n&nbsp; 1912 &#8211; 1914\nsenelerinde in\u015fa edi\u00adlerek 834.000 frank&#8217;a mal oldu\u011funu yazmaktad\u0131r. \u00c7inili R\u0131ht\u0131m Han ve Merkez R\u0131ht\u0131m in\u015fas\u0131n\u0131 m\u00fcteakip odalar\u0131 \u00f6zellikle\ndenizcilik i\u015fleri ile u\u011fra\u015fan firmalara kiralanm\u0131\u015f ayr\u0131ca terzi avukat\nmuhasebeci vb. di\u011fer i\u015flerle u\u011fra\u015fan ki\u015filere kiralanm\u0131\u015ft\u0131r. \u0130stanbul R\u0131ht\u0131m Dok\nve Antrepo \u015eirketi\u2019nin millile\u015ftirilmesi sonucunda kurulan \u0130stanbul\u2019da\nlimanc\u0131l\u0131k faaliyetini g\u00f6steren T.C \u0130stanbul Liman \u0130\u015fleri Umum M\u00fcd\u00fcrl\u00fc\u011f\u00fc,\nfaaliyetleri i\u00e7in i\u015fgal etti\u011fi ba\u015fta liman han olmak \u00fczere birka\u00e7 yerde\ns\u00fcrd\u00fcrmekteydi. Bu kadar da\u011f\u0131n\u0131k bir yerde faaliyet s\u00fcrd\u00fcrmesinin sak\u0131ncalar\u0131\nortaya \u00e7\u0131k\u0131nc\u0131&nbsp; T.C \u0130stanbul Liman \u0130\u015fleri\nUmum M\u00fcd\u00fcrl\u00fc\u011f\u00fc t\u00fcm birimleri bir araya toplamak \u00fczere envanterinde bulunan\nMerkez R\u0131ht\u0131m Han\u2019a ta\u015f\u0131nma karar\u0131 ald\u0131 1936 y\u0131l\u0131nda ba\u015flayan ta\u015f\u0131nma i\u015flemleri\n15 May\u0131s 1937 tarihinde tamamlanarak b\u00fct\u00fcn birimleriyle T.C \u0130stanbul Liman\n\u0130\u015fleri Umum M\u00fcd\u00fcrl\u00fc\u011f\u00fc burada faaliyetlerini s\u00fcrd\u00fcrmeye ba\u015flad\u0131 yaln\u0131z 3.Kat\u0131\nyeni kurulacak olan ve Merkezi Ankara\u2019da bulunan Denizbank\u2019\u0131n \u0130stanbul \u015eubesine\nkiralanmas\u0131 amac\u0131yla bo\u015falt\u0131ld\u0131. Denizbank\u2019\u0131n kurulmas\u0131 ile \u0130stanbul \u015eubesi\nburada hizmet vermeye ba\u015flad\u0131. Denizbank\u2019\u0131n 1939 y\u0131l\u0131nda lav edilmesi ile yeni\nkurulan Devlet Limanlar\u0131 Umum M\u00fcd\u00fcrl\u00fc\u011f\u00fc\u2019n\u00fcn Umum M\u00fcd\u00fcrl\u00fck binas\u0131 olarak hizmet\nverdi. 24.Ocak.1944 tarih\nve 4517 say\u0131l\u0131 kanunla Devlet Deniz Yollar\u0131 ve Limanlar\u0131 \u0130\u015fletmesi Umum\nM\u00fcd\u00fcrl\u00fc\u011f\u00fc \u2018n\u00fcn kurulmas\u0131 ile Umum M\u00fcd\u00fcrl\u00fck binas\u0131 olarak hizmet vermeye devam etti.\nYaln\u0131z bu tarihe kadar hep Liman a\u011f\u0131l\u0131kl\u0131 kurulu\u015flar\u0131n Umum M\u00fcd\u00fcrl\u00fck binas\u0131\nolarak hizmet veren bina bu tarihten itibaren ba\u015fta Denizyollar\u0131 olmak \u00fczere \u015eehirhatlar\u0131,\nGemi Kurtarma ve K\u0131y\u0131 Emniyeti \u0130\u015fletmeleri\u2019ne de hizmet vermeye ba\u015flad\u0131.<\/p>\n\n\n\n<figure class=\"wp-block-image size-large\"><img loading=\"lazy\" decoding=\"async\" width=\"1024\" height=\"683\" src=\"http:\/\/www.alibozoglu.com\/wp-content\/uploads\/2020\/02\/usuf-Ziya-\u00d6ni\u015f-1024x683.jpg\" alt=\"\" class=\"wp-image-698\" srcset=\"http:\/\/www.alibozoglu.com\/wp-content\/uploads\/2020\/02\/usuf-Ziya-\u00d6ni\u015f-1024x683.jpg 1024w, http:\/\/www.alibozoglu.com\/wp-content\/uploads\/2020\/02\/usuf-Ziya-\u00d6ni\u015f-300x200.jpg 300w, http:\/\/www.alibozoglu.com\/wp-content\/uploads\/2020\/02\/usuf-Ziya-\u00d6ni\u015f-768x512.jpg 768w, http:\/\/www.alibozoglu.com\/wp-content\/uploads\/2020\/02\/usuf-Ziya-\u00d6ni\u015f-1536x1024.jpg 1536w, http:\/\/www.alibozoglu.com\/wp-content\/uploads\/2020\/02\/usuf-Ziya-\u00d6ni\u015f-90x60.jpg 90w, http:\/\/www.alibozoglu.com\/wp-content\/uploads\/2020\/02\/usuf-Ziya-\u00d6ni\u015f.jpg 1797w\" sizes=\"(max-width: 1024px) 100vw, 1024px\" \/><figcaption>YUSUF Z\u0130YA \u00d6N\u0130\u015e<br><\/figcaption><\/figure>\n\n\n\n<p>1944 y\u0131l\u0131ndan 1952 y\u0131l\u0131na kadar Devlet Deniz Yollar\u0131 ve Limanlar\u0131 \u0130\u015fletmesi Umum M\u00fcd\u00fcrl\u00fc\u011f\u00fc Genel M\u00fcd\u00fcrl\u00fck binas\u0131 olarak hizmet veren bina 1952 y\u0131l\u0131 itibar\u0131 ile Denizcilik Bankas\u0131 T.A.O \u2018n\u0131n Genel M\u00fcd\u00fcrl\u00fck binas\u0131 olarak hizmet vermeye ba\u015flad\u0131. Bundan sonras\u0131 bilindi\u011fi \u00fczere T\u00fcrkiye Denizcilik Kurumu ve T\u00fcrkiye Denizcilik \u0130\u015fletmeleri\u2019ne Genel M\u00fcd\u00fcrl\u00fck binas\u0131 olarak hizmet vermeye Ba\u015flad\u0131. Binada Genel M\u00fcd\u00fcr olarak ilk&nbsp; T.C \u0130stanbul Liman \u0130\u015fleri Umum M\u00fcd\u00fcr\u00fc&nbsp; Raufi Manyas\u2019t\u0131r. Denizbank d\u00f6neminden sonra kurulan T\u00fcrkiye Limanlar\u0131 Umum M\u00fcd\u00fcrl\u00fc\u011f\u00fc\u2019ne&nbsp; Genel m\u00fcd\u00fcr olarak atanmas\u0131 nedeniyle burada Genel M\u00fcd\u00fcrl\u00fck g\u00f6revine devam etmi\u015ftir. &nbsp;&nbsp;&nbsp;24.Ocak.1944 kurulan Devlet Deniz Yollar\u0131 ve Limanlar\u0131 \u0130\u015fletmesi Umum M\u00fcd\u00fcrl\u00fc\u011f\u00fc atanan Yusuf Ziya Erzin burada g\u00f6rev yapan 2.Genel M\u00fcd\u00fcr\u2019d\u00fcr. 3. Genel M\u00fcd\u00fcr ise Cemil Parman d\u0131r. 4.Genel M\u00fcd\u00fcr ise T\u00fcrk denizcilik tarihine Sadullah G\u00fcney\u2019den sonra damgas\u0131n\u0131 &nbsp;&nbsp;&nbsp;vuran Yusuf Ziya \u00d6ni\u015f\u2019tir. 5.c\u0131s\u0131 ise &nbsp;Yusuf Ziya \u00d6ni\u015f\u2019in Denizcilik Bankas\u0131 T.A.O&nbsp; Y\u00f6netim kurulu Ba\u015fkan\u0131 olmas\u0131ndan sonra &nbsp;&nbsp;&nbsp;Sami \u015eahbenderler olmu\u015ftur. 6.Genel M\u00fcd\u00fcr 27 May\u0131s \u0130htilali\u2019nin getirdi\u011fi Deniz Kuvvetlerinden Sermet G\u00f6kdeniz olmu\u015ftur.7.Genel M\u00fcd\u00fcr ise Nedret Utkan\u2019d\u0131r. Nedret Utkan Denizbank zaman\u0131nda yurt d\u0131\u015f\u0131na Gemi \u0130n\u015fa M\u00fchendisli\u011fi tahsili g\u00f6rmesi i\u00e7in g\u00f6nderilmi\u015f m\u00fchendis olarak i\u015fi ba\u015flam\u0131\u015f memuriyetin her kademesin de \u00e7al\u0131\u015fm\u0131\u015f ve 1963 y\u0131l\u0131nda Genel M\u00fcd\u00fcrl\u00fc\u011fe atanmas\u0131 Banka i\u00e7erisinde b\u00fcy\u00fck bir sevin\u00e7 sebep olmu\u015ftur.&nbsp; \u0130lk defa kurum i\u00e7erisinden bir ki\u015finin bir ba\u015fka deyimle kendi aralar\u0131ndan bir ki\u015finin Genel M\u00fcd\u00fcr olmas\u0131 bu sevincin kayna\u011f\u0131d\u0131r. <\/p>\n\n\n\n<figure class=\"wp-block-image size-large\"><img loading=\"lazy\" decoding=\"async\" width=\"1024\" height=\"804\" src=\"http:\/\/www.alibozoglu.com\/wp-content\/uploads\/2020\/02\/Celal-Bayar-ve-Nedret-Utkan--1024x804.jpg\" alt=\"\" class=\"wp-image-628\" srcset=\"http:\/\/www.alibozoglu.com\/wp-content\/uploads\/2020\/02\/Celal-Bayar-ve-Nedret-Utkan--1024x804.jpg 1024w, http:\/\/www.alibozoglu.com\/wp-content\/uploads\/2020\/02\/Celal-Bayar-ve-Nedret-Utkan--300x235.jpg 300w, http:\/\/www.alibozoglu.com\/wp-content\/uploads\/2020\/02\/Celal-Bayar-ve-Nedret-Utkan--768x603.jpg 768w, http:\/\/www.alibozoglu.com\/wp-content\/uploads\/2020\/02\/Celal-Bayar-ve-Nedret-Utkan--1536x1206.jpg 1536w, http:\/\/www.alibozoglu.com\/wp-content\/uploads\/2020\/02\/Celal-Bayar-ve-Nedret-Utkan--2048x1607.jpg 2048w, http:\/\/www.alibozoglu.com\/wp-content\/uploads\/2020\/02\/Celal-Bayar-ve-Nedret-Utkan--76x60.jpg 76w\" sizes=\"(max-width: 1024px) 100vw, 1024px\" \/><\/figure>\n\n\n\n<p>8. Genel M\u00fcd\u00fcr &nbsp;1967 y\u0131l\u0131nda Nedret Utkan\u2019\u0131n g\u00f6revinden al\u0131n\u0131p Etibank Y\u00f6netim kurulu \u00dcyeli\u011fi\u2019ne atanmas\u0131ndan sonra yard\u0131mc\u0131s\u0131 \u015e\u00fckr\u00fc K\u0131yk\u0131o\u011flu Genel M\u00fcd\u00fcrl\u00fc\u011fe atanm\u0131\u015ft\u0131r. \u015e\u00fckr\u00fc K\u0131yk\u0131o\u011flu Genel M\u00fcd\u00fcrl\u00fck g\u00f6revini s\u00fcrd\u00fcr\u00fcrken 1969 se\u00e7imlerinde Adalet Partisi milletvekilli\u011fine adayl\u0131\u011f\u0131n\u0131 koyarak Bolu Milletvekili olmu\u015ftur. 9.Genel M\u00fcd\u00fcr Celaletin Erol\u2019dur Celalettin Erol\u2019un bu g\u00f6reve atanmas\u0131 kurum i\u00e7erisin de yine b\u00fcy\u00fck bir sevince sebep olmu\u015ftur. Celelettin Erol &nbsp;da Denizbank d\u00f6neminde Gemi \u0130n\u015fa M\u00fchendisli\u011fi tahsili i\u00e7in yurt d\u0131\u015f\u0131na g\u00f6nderilen ki\u015filerdendir. Celalettin Erol\u2019da kurumda m\u00fchendis olarak ba\u015flad\u0131\u011f\u0131 hizmetine memuriyetin her kademesinde bulunduktan sonra Genel M\u00fcd\u00fcr olan 2.ki\u015fidir. 10. Genel M\u00fcd\u00fcr Nezih Neyzi\u2019dir 11. Genel M\u00fcd\u00fcr Oktay Ersoy 12.Genel M\u00fcd\u00fcr Recai Hanio\u011flu 13.Genel M\u00fcd\u00fcr tekrar Nezih Neyzi\u2019dir. 14.Genel M\u00fcd\u00fcr Devlet Eski Bakanlar\u0131ndan H\u00fcsamettin Atabeyli\u2019dir 15. Genel M\u00fcd\u00fcr 12 Eyl\u00fcl \u0130htilalilin getirdi\u011fi Amiral Nejat \u00d6zgece\u2019dir. 16.Genel M\u00fcd\u00fcr Ahmet Hulusi Y\u0131ld\u0131r\u0131m\u2019d\u0131r. Ahmet Hulusi Y\u0131ld\u0131r\u0131m sert miza\u00e7l\u0131&nbsp; y\u00fcz\u00fc g\u00fclmeyen bir ki\u015fiydi. ancak&nbsp; Antalya dinlenme Tesisleri , Kuzguncuk \u0130skelesi \u00fcst\u00fcndeki sosyal Tesis. Kad\u0131k\u00f6y \u0130skelesi \u00fczerindeki Sosyal tesis ve Ye\u015filk\u00f6y Feneri\u2019nde yap\u0131lan sosyal tesis onun personele yapt\u0131\u011f\u0131 bu hizmetlerden dolay\u0131 emeklisi \u00e7al\u0131\u015fan\u0131 tan\u0131yan tan\u0131mayan her insan taraf\u0131ndan rahmet ve minnetle an\u0131lmaktad\u0131r. 17. Genel M\u00fcd\u00fcr Mustafa A\u00e7\u0131kal\u0131n\u2019d\u0131r. Bir benzetme yapacak olursak Osmanl\u0131 \u0130mparatorlu\u011fu d\u00f6nemindeki Fatih Sultan Mehmet sonra gelen II Beyaz\u0131t d\u00f6nemi gibidir.18 Genel M\u00fcd\u00fcr \u00c7etin \u00c7ulhao\u011flu\u2019dur. \u00c7ok kibar \u00e7ok nazik bir insand\u0131 \u00e7al\u0131\u015fanlar\u0131n ortalama tahsilinin ortaokul oldu\u011fu bir kurulu\u015fa g\u00f6re ultura l\u00fcks bir ki\u015fiydi bu nedenle g\u00f6rev s\u00fcresi bir y\u0131l\u0131 bile bulmam\u0131\u015ft\u0131r. 19. Genel M\u00fcd\u00fcr Kenan \u00d6ner uzun s\u00fcren bir Genel M\u00fcd\u00fcrl\u00fck d\u00f6nemi ya\u015fad\u0131. Bankac\u0131 k\u00f6kenli olmas\u0131 nedeniyle paray\u0131 iyi kulland\u0131 SSK Vergi dairesi gibi kurumlara bor\u00e7lar\u0131n\u0131 \u00f6deyemeyen bir kurulu\u015fu kar\u2019a ge\u00e7irdi. 20. Genel M\u00fcd\u00fcr Muzaffer Akkaya bu g\u00fcn T\u00fcrkiye\u2019de denizcili\u011fi biler 10 ki\u015fi varsa ilk be\u015f aras\u0131nda yer alan Kamuda uzun y\u0131llar Genel M\u00fcd\u00fcrl\u00fck yapan bir ki\u015fiydi mevzuat\u0131 \u00e7ok iyi biliyordu paray\u0131 iyi kulland\u0131 kurulu\u015fun \u00d6zelle\u015ftirme kapsam\u0131nda olmas\u0131 onun \u00e7al\u0131\u015fmalar\u0131na b\u00fcy\u00fck sekte vurmu\u015ftur. Kurum \u00f6zelle\u015ftirme kapsam\u0131nda olmay\u0131p eskisi gibi Ula\u015ft\u0131rma Bakanl\u0131\u011f\u0131\u2019na ba\u011fl\u0131 olsayd\u0131 inan\u0131yorum ki Bu g\u00fcn r\u0131ht\u0131mlar\u0131m\u0131za yana\u015fan ve imrenerek bakt\u0131\u011f\u0131m\u0131z yabanc\u0131 bayrakl\u0131 o l\u00fcks gemilerden bizimde bir iki tana olmas\u0131 hi\u00e7te hayal de\u011fildi. 21. Genel M\u00fcd\u00fcr Erkan Ar\u0131kan gen\u00e7 bir ki\u015fiydi heyecanl\u0131yd\u0131 bir \u015feyler yapmak istedi ancak Ankara\u2019y\u0131 a\u015famad\u0131. 22. Ve son Genel M\u00fcd\u00fcr halen g\u00f6revde bulunan Kaptan Burhan K\u00fcl\u00fcnk\u2019t\u00fcr Kaptan Burhan K\u00fcl\u00fcnk kurumun i\u00e7inde memuriyetin her kademesinden ge\u00e7ip Genel m\u00fcd\u00fcr olan 3. Ki\u015fi dir.<\/p>\n\n\n\n<figure class=\"wp-block-image size-large\"><img loading=\"lazy\" decoding=\"async\" width=\"685\" height=\"1024\" src=\"http:\/\/www.alibozoglu.com\/wp-content\/uploads\/2020\/02\/Yeni-Genel-M\u00fcd\u00fcrl\u00fck-Binas\u0131-685x1024.jpg\" alt=\"\" class=\"wp-image-699\" srcset=\"http:\/\/www.alibozoglu.com\/wp-content\/uploads\/2020\/02\/Yeni-Genel-M\u00fcd\u00fcrl\u00fck-Binas\u0131-685x1024.jpg 685w, http:\/\/www.alibozoglu.com\/wp-content\/uploads\/2020\/02\/Yeni-Genel-M\u00fcd\u00fcrl\u00fck-Binas\u0131-201x300.jpg 201w, http:\/\/www.alibozoglu.com\/wp-content\/uploads\/2020\/02\/Yeni-Genel-M\u00fcd\u00fcrl\u00fck-Binas\u0131-768x1147.jpg 768w, http:\/\/www.alibozoglu.com\/wp-content\/uploads\/2020\/02\/Yeni-Genel-M\u00fcd\u00fcrl\u00fck-Binas\u0131-1028x1536.jpg 1028w, http:\/\/www.alibozoglu.com\/wp-content\/uploads\/2020\/02\/Yeni-Genel-M\u00fcd\u00fcrl\u00fck-Binas\u0131-40x60.jpg 40w, http:\/\/www.alibozoglu.com\/wp-content\/uploads\/2020\/02\/Yeni-Genel-M\u00fcd\u00fcrl\u00fck-Binas\u0131.jpg 1296w\" sizes=\"(max-width: 685px) 100vw, 685px\" \/><figcaption>????????????????????????????????????<\/figcaption><\/figure>\n\n\n\n<p>Merkez\nR\u0131ht\u0131m Han baz\u0131lar\u0131m\u0131z\u0131n \u00e7al\u0131\u015ft\u0131\u011f\u0131 baz\u0131lar\u0131m\u0131z\u0131n da \u00e7al\u0131\u015fan arkada\u015flar\u0131n\u0131\nziyaret etti\u011fi veya bir i\u015fi i\u00e7in gitti\u011fi Merkez R\u0131ht\u0131m Han \u00f6n\u00fcm\u00fczdeki birka\u00e7\ny\u0131l sonra kar\u015f\u0131m\u0131za otel olarak \u00e7\u0131kacak hangi duygularla bakaca\u011f\u0131z bilemiyorum\nben kendi \u015fahs\u0131ma \u00e7al\u0131\u015ft\u0131\u011f\u0131m odalar\u0131n birinde \u00f6zellik Bas\u0131n ve Halkla \u0130li\u015fkiler\nM\u00fcd\u00fcr Yard\u0131mc\u0131s\u0131 olarak g\u00f6rev yapt\u0131\u011f\u0131m denize bakan o odada bir gecede olsa\nkalmak isterim k\u0131smet zaman neyi g\u00f6sterir bilemiyorum.<\/p>\n","protected":false},"excerpt":{"rendered":"<p>T\u00fcrkiye Denizcilik \u0130\u015fletmeleri\u2019ne ait Karak\u00f6y\u2019deki Genel M\u00fcd\u00fcrl\u00fck binas\u0131ndan ba\u015flayarak Deniz ticaret Odas\u0131n\u0131n bulundu\u011fu yere kadar ki alan\u0131n 30 y\u0131l s\u00fcreyle i\u015fletme hakk\u0131n\u0131n Do\u011fu\u015f Holding A.\u015e.&#8217;ye verilmesine ili\u015fkin \u00d6zelle\u015ftirme Y\u00fcksek Kurulu&#8217;nun 04.10.2013 tarih ve 2013\/157 say\u0131l\u0131 Karar\u0131 Resmi Gazete&#8217;de 09.10.2013 tarihinde yay\u0131mlanm\u0131\u015ft\u0131r. Gerekli i\u015flemlerin yap\u0131lmas\u0131 ve s\u00f6zle\u015fme imzalanmas\u0131 i\u00e7in Do\u011fu\u015f Holding A.\u015e.&#8217;ye 18.12.2013 mesai saati bitimine &hellip; <\/p>\n","protected":false},"author":1,"featured_media":702,"comment_status":"open","ping_status":"open","sticky":false,"template":"","format":"standard","meta":{"footnotes":""},"categories":[8],"tags":[],"_links":{"self":[{"href":"http:\/\/www.alibozoglu.com\/index.php\/wp-json\/wp\/v2\/posts\/690"}],"collection":[{"href":"http:\/\/www.alibozoglu.com\/index.php\/wp-json\/wp\/v2\/posts"}],"about":[{"href":"http:\/\/www.alibozoglu.com\/index.php\/wp-json\/wp\/v2\/types\/post"}],"author":[{"embeddable":true,"href":"http:\/\/www.alibozoglu.com\/index.php\/wp-json\/wp\/v2\/users\/1"}],"replies":[{"embeddable":true,"href":"http:\/\/www.alibozoglu.com\/index.php\/wp-json\/wp\/v2\/comments?post=690"}],"version-history":[{"count":2,"href":"http:\/\/www.alibozoglu.com\/index.php\/wp-json\/wp\/v2\/posts\/690\/revisions"}],"predecessor-version":[{"id":854,"href":"http:\/\/www.alibozoglu.com\/index.php\/wp-json\/wp\/v2\/posts\/690\/revisions\/854"}],"wp:featuredmedia":[{"embeddable":true,"href":"http:\/\/www.alibozoglu.com\/index.php\/wp-json\/wp\/v2\/media\/702"}],"wp:attachment":[{"href":"http:\/\/www.alibozoglu.com\/index.php\/wp-json\/wp\/v2\/media?parent=690"}],"wp:term":[{"taxonomy":"category","embeddable":true,"href":"http:\/\/www.alibozoglu.com\/index.php\/wp-json\/wp\/v2\/categories?post=690"},{"taxonomy":"post_tag","embeddable":true,"href":"http:\/\/www.alibozoglu.com\/index.php\/wp-json\/wp\/v2\/tags?post=690"}],"curies":[{"name":"wp","href":"https:\/\/api.w.org\/{rel}","templated":true}]}}