{"id":666,"date":"2020-02-16T22:22:36","date_gmt":"2020-02-16T22:22:36","guid":{"rendered":"http:\/\/www.alibozoglu.com\/?p=666"},"modified":"2020-05-17T12:12:21","modified_gmt":"2020-05-17T12:12:21","slug":"gunnur-t-dikec-dokumhaneye-adanan-bir-omur","status":"publish","type":"post","link":"http:\/\/www.alibozoglu.com\/index.php\/2020\/02\/16\/gunnur-t-dikec-dokumhaneye-adanan-bir-omur\/","title":{"rendered":"G\u00fcnnur T. Dike\u00e7 D\u00f6k\u00fcmhaneye Adanan Bir \u00d6m\u00fcr!"},"content":{"rendered":"\n<figure class=\"wp-block-image size-large is-resized\"><img loading=\"lazy\" decoding=\"async\" src=\"http:\/\/www.alibozoglu.com\/wp-content\/uploads\/2020\/02\/img073.jpg\" alt=\"\" class=\"wp-image-667\" width=\"566\" height=\"886\" srcset=\"http:\/\/www.alibozoglu.com\/wp-content\/uploads\/2020\/02\/img073.jpg 479w, http:\/\/www.alibozoglu.com\/wp-content\/uploads\/2020\/02\/img073-192x300.jpg 192w, http:\/\/www.alibozoglu.com\/wp-content\/uploads\/2020\/02\/img073-38x60.jpg 38w\" sizes=\"(max-width: 566px) 100vw, 566px\" \/><\/figure>\n\n\n\n<p>D\u00f6k\u00fcmc\u00fcl\u00fck, \u00f6z\u00fcnde metallere \u015fekil verme eylemidir; insan\u0131n\ndo\u011fay\u0131 de\u011fi\u015ftirip d\u00fcn\u00fc\u015ft\u00fcrerek, onu kendi yarar\u0131 ve estetik duyumu\ndo\u011frultusunda i\u015fleyip yeniden olu\u015fturmas\u0131d\u0131r. D\u00f6k\u00fcmc\u00fcl\u00fck, hem bir zanaat hem de\nsanatt\u0131r. D\u00f6k\u00fcmc\u00fcl\u00fc\u011f\u00fcn tarihi son \u00e7\u00f6z\u00fcmlemede madencili\u011fin tarihine\nindirgenebilir. \u0130nsanl\u0131\u011f\u0131n ta\u015f madencili\u011finden metal madencili\u011fine ge\u00e7ti\u011fi\nNeolitik \u00c7a\u011f, d\u00f6k\u00fcmc\u00fcl\u00fc\u011f\u00fcn de ba\u015flad\u0131\u011f\u0131 \u00e7a\u011fd\u0131r. Bir\u00e7ok topluluk bak\u0131r, tun\u00e7 ve\ndemirden ilk aletleri bu \u00e7a\u011fda yapm\u0131\u015flard\u0131r. Kaltolitik \u00c7a\u011f, bak\u0131r ve tun\u00e7\ni\u015flemecili\u011finin geli\u015fti\u011fi \u00e7a\u011f olmu\u015ftur. Yak\u0131n Do\u011fu halklar\u0131 k\u00f6ktenci sonu\u00e7lara\ngebe bulu\u015flar\u0131; hayvanlar\u0131n \u00e7ekim g\u00fcc\u00fcn\u00fcn konumlanmas\u0131n\u0131; tekerlekli ara\u00e7lar\u0131,\n\u00e7\u00f6mlek\u00e7i \u00e7ark\u0131n\u0131 tu\u011flay\u0131 bu sayede ger\u00e7ekle\u015ftirebilmi\u015flerdir.<\/p>\n\n\n\n<p>Metal\u00fcrjinin\n\u00f6nceleri ortaya \u00e7\u0131kt\u0131\u011f\u0131 b\u00f6lgeler Anadolu civar\u0131 ve Anadolu ile i\u00e7 i\u00e7e ili\u015fkili\nolan b\u00f6lgeler olup T\u00fcrklerinde Metal\u00fcrji ile ilk u\u011fra\u015fan topluluklardan biri\noldu\u011fu anla\u015f\u0131lmaktad\u0131r. Anadolu T\u00fcrk Uygarl\u0131klar\u0131na gelindi\u011finde metal\u00fcrji ve\nd\u00f6k\u00fcm teknolojisinin 15.As\u0131rdan sonra geli\u015fme g\u00f6sterdi\u011fini g\u00f6rebiliyoruz. En\n\u00f6nemli geli\u015fmenin MS 1450 y\u0131llar\u0131nda Padi\u015fah Fatih Sultan Mehmet m\u00fchendis\nSaruca Bey ile Mimar Muslihiddin hoca ve o s\u0131rada Bizans&#8217;ta \u00e7al\u0131\u015fan ancak\n\u00fccretinin az olmas\u0131ndan dolay\u0131 m\u00fchendis Saruca Beye m\u00fcracaat eden Macar as\u0131ll\u0131\ntop d\u00f6k\u00fcmc\u00fcs\u00fc ORBAN &#8216;\u0131n yard\u0131mlar\u0131 ile \u0130stanbul tophane mevkiinde ilk top d\u00f6k\u00fcm\ntesisinin de dev toplar\u0131n d\u00f6k\u00fcm\u00fcne ba\u015flanm\u0131\u015ft\u0131r. Bu tesis her ne kadar top\ng\u00f6vdeleri d\u00f6k\u00fcm\u00fc i\u00e7in geli\u015ftirildiyse de di\u011fer askeri ara\u00e7lar\u0131nda yap\u0131m\u0131nda\n\u00f6nemli g\u00f6revler g\u00f6rm\u00fc\u015ft\u00fcr. II. Beyaz\u0131t zaman\u0131nda Tophane geni\u015fletilmi\u015ftir.\nOsmanl\u0131 imparatorlu\u011funun y\u00fckselme ve geni\u015fleme d\u00f6nemi olarak \u00f6nemli bir\nb\u00f6l\u00fcm\u00fcnde padi\u015fahl\u0131k yapan Sultan S\u00fcleyman (1520-1568) eski Tophaneyi y\u0131karak\nyerine daha b\u00fcy\u00fck ve daha modern tophanenin kurulmas\u0131n\u0131 sa\u011flam\u0131\u015ft\u0131r. Bu Tophane\nve burada yap\u0131lan d\u00f6k\u00fcm i\u015flemlerinin teferuat\u0131\u0131n\u0131 Evliya \u00c7elebi 1640&#8217;larda\nkaleme ald\u0131\u011f\u0131 Evliya \u00c7elebi Seyahatnamesinden \u00f6\u011frenmek m\u00fcmk\u00fcn olmaktad\u0131r.Di\u011fer\ntaraftan 1755 y\u0131l\u0131nda Fransa el\u00e7isine terc\u00fcman olarak gelen Baron de Tott\ntophanenin \u0131slah edilmesinde b\u00fcy\u00fck katk\u0131s\u0131 olmu\u015f ,hatta 1770 y\u0131l\u0131nda \u0130stanbul&#8217;a\ntekrar gelerek 1773 y\u0131l\u0131nda M\u00fchendishane-i Berri H\u00fcmayun Top\u00e7u okulunun\nkurulmas\u0131nda dolay\u0131s\u0131yla bu g\u00fcn\u00fcn \u0130.T.\u00dc. kurulmas\u0131na \u00f6n ayak olmu\u015ftur. Osmanl\u0131\nd\u00f6k\u00fcmc\u00fcl\u00fc\u011f\u00fcn\u00fcn tek b\u00fcy\u00fck d\u00f6k\u00fcmhanesi Tophane idi. Burada resimhane, numunehane,\nmuayenehane, t\u00fcfekhane, kundakhane, tavhane, demirhane, \u00e7arkhane (i\u015fleme\nat\u00f6lyesi)nakka\u015fhane, bask\u0131hane gibi \u00f6nemli b\u00f6l\u00fcmler vard\u0131.1862 y\u0131l\u0131nda\n\u0130stanbul&#8217;a gelen \u0130ngiliz el\u00e7isi eserinde Tophane&#8217;de y\u0131lda 300 Top d\u00f6k\u00fcld\u00fc\u011f\u00fcn\u00fc\nanlatmaktad\u0131r.<\/p>\n\n\n\n<figure class=\"wp-block-image size-large\"><img loading=\"lazy\" decoding=\"async\" width=\"1024\" height=\"1017\" src=\"http:\/\/www.alibozoglu.com\/wp-content\/uploads\/2020\/02\/D\u00f6k\u00fcmhane-1-1024x1017.jpg\" alt=\"\" class=\"wp-image-668\" srcset=\"http:\/\/www.alibozoglu.com\/wp-content\/uploads\/2020\/02\/D\u00f6k\u00fcmhane-1-1024x1017.jpg 1024w, http:\/\/www.alibozoglu.com\/wp-content\/uploads\/2020\/02\/D\u00f6k\u00fcmhane-1-300x298.jpg 300w, http:\/\/www.alibozoglu.com\/wp-content\/uploads\/2020\/02\/D\u00f6k\u00fcmhane-1-150x150.jpg 150w, http:\/\/www.alibozoglu.com\/wp-content\/uploads\/2020\/02\/D\u00f6k\u00fcmhane-1-768x763.jpg 768w, http:\/\/www.alibozoglu.com\/wp-content\/uploads\/2020\/02\/D\u00f6k\u00fcmhane-1-60x60.jpg 60w, http:\/\/www.alibozoglu.com\/wp-content\/uploads\/2020\/02\/D\u00f6k\u00fcmhane-1.jpg 1422w\" sizes=\"(max-width: 1024px) 100vw, 1024px\" \/><\/figure>\n\n\n\n<p>Avrupa&#8217;daki teknolojik geli\u015fmeler kar\u015f\u0131s\u0131nda Osmanl\u0131\n\u0130mparatorlu\u011funda da ba\u015f g\u00f6steren \u0131slahat hareketleri sonunda \u00f6ncelikle askeri\nmalzemeler \u00fcretiminde devrin modern teknolojisini kullanabilen Demir \u00c7elik\n\u00fcretim ve imalat tesislerine ihtiya\u00e7 duyulmu\u015ftur. Bu a\u00e7\u0131dan \u0130stanbul Hask\u00f6y\ncivar\u0131nda (G\u00fclle) humbarhane kurulmas\u0131 ile Zeytinburnunda Baruthane\nyak\u0131nlar\u0131nda demir madeni \u00e7\u0131kar\u0131lan b\u00f6lgelerde \u00fcretilmi\u015f piklerle \u00e7al\u0131\u015fmak\n\u00fczere demir fabrikas\u0131n\u0131n kurulmas\u0131 izlemi\u015ftir. 1839 Tanzimat ferman\u0131n\u0131n\nokunmas\u0131ndan sonra Zeytinburnu&#8217;ndaki demir fabrikas\u0131n\u0131n b\u00fcy\u00fct\u00fclmesi s\u00f6z konusu\nolmu\u015ftur. 1848 &#8216;de bu fabrikalarda \u00fcretilen malzemelerle \u00e7elik g\u00f6vdeli gemiler\nyap\u0131labilmi\u015ftir. 1900 y\u0131llar\u0131n\u0131n ba\u015f\u0131nda \u00f6zellikle gemi yap\u0131m\u0131ndaki geli\u015fmeler\ni\u00e7in Hali\u00e7 Tersanesinde Demir ve D\u00f6k\u00fcm tesisleri in\u015fa edilmi\u015ftir. Tesiste 2\nadet 5 Tonluk siemens martin f\u0131r\u0131n\u0131 ile 1 adet d\u00f6ner f\u0131r\u0131n demir \u00e7elik d\u00f6k\u00fcm\n\u00fcretimi i\u00e7in kullan\u0131lm\u0131\u015ft\u0131r. Mondros Antla\u015fmas\u0131 gere\u011fi tersaneler ve askeri\nama\u00e7l\u0131 fabrikalar kapat\u0131lm\u0131\u015ft\u0131r. Bunun sonucu olarak (kalafat ) tamir ve bak\u0131m\namac\u0131 ile Galata ile Hask\u00f6y aras\u0131nda Kalafat\u00e7\u0131lar b\u00f6lgeleri olu\u015fmu\u015f ve d\u00f6k\u00fcm\nsanayi \u00e7ok ilkel \u015fartlarda buralarda s\u00fcrd\u00fcr\u00fclmeye \u00e7al\u0131\u015f\u0131lm\u0131\u015ft\u0131r.Tersanemizdeki\nd\u00f6k\u00fcmc\u00fcl\u00fck faaliyetlerinin ba\u015flang\u0131c\u0131 konusunda kesin bir tesbite\nrastlanamam\u0131\u015ft\u0131r. Ancak Hali\u00e7 tersanenin 1910 y\u0131l\u0131na kadar ba\u011fl\u0131 bulundu\u011fu T\u00fcrk\nBahriyesi devrinde az da olsa d\u00f6k\u00fcmc\u00fcl\u00fck faaliyetleri oldu\u011fu ve bunun daha\nsonraki sivil idareler zaman\u0131nda da devam etti\u011fi bilinmektedir<\/p>\n\n\n\n<figure class=\"wp-block-image size-large\"><img loading=\"lazy\" decoding=\"async\" width=\"1024\" height=\"818\" src=\"http:\/\/www.alibozoglu.com\/wp-content\/uploads\/2020\/02\/T\u00fcrkcast-Dergisi-4-say\u0131-2010-7-1024x818.jpg\" alt=\"\" class=\"wp-image-669\" srcset=\"http:\/\/www.alibozoglu.com\/wp-content\/uploads\/2020\/02\/T\u00fcrkcast-Dergisi-4-say\u0131-2010-7-1024x818.jpg 1024w, http:\/\/www.alibozoglu.com\/wp-content\/uploads\/2020\/02\/T\u00fcrkcast-Dergisi-4-say\u0131-2010-7-300x240.jpg 300w, http:\/\/www.alibozoglu.com\/wp-content\/uploads\/2020\/02\/T\u00fcrkcast-Dergisi-4-say\u0131-2010-7-768x613.jpg 768w, http:\/\/www.alibozoglu.com\/wp-content\/uploads\/2020\/02\/T\u00fcrkcast-Dergisi-4-say\u0131-2010-7-1536x1227.jpg 1536w, http:\/\/www.alibozoglu.com\/wp-content\/uploads\/2020\/02\/T\u00fcrkcast-Dergisi-4-say\u0131-2010-7-75x60.jpg 75w, http:\/\/www.alibozoglu.com\/wp-content\/uploads\/2020\/02\/T\u00fcrkcast-Dergisi-4-say\u0131-2010-7.jpg 2025w\" sizes=\"(max-width: 1024px) 100vw, 1024px\" \/><\/figure>\n\n\n\n<p>Hali\u00e7\nTersanesinin Denizcilik Bankas\u0131 T.A.O. ba\u011flanmas\u0131yla di\u011fer sahalarda oldu\u011fu\ngibi d\u00f6k\u00fcmc\u00fcl\u00fck sahas\u0131nda da at\u0131l\u0131mlara giri\u015filmi\u015ftir. I. Be\u015f Y\u0131ll\u0131k Kalk\u0131nma\nPl\u00e2n\u0131&#8217;na g\u00f6re, \u00f6nce, camian\u0131n tersane ve i\u015fletmelerinin d\u00f6k\u00fcm par\u00e7as\u0131\nihtiyac\u0131n\u0131 kapasite ve kalite y\u00f6n\u00fcnden kar\u015f\u0131layabilecek d\u00f6k\u00fcmhane binalar\u0131 in\u015fa\nedildi. Eski d\u00f6k\u00fcm atelyesi sahas\u0131nda daha b\u00fcy\u00fck ve daha modern olarak in\u015fa\nedilen bu binalarda \u00f6nce kupol ocaklar\u0131 ve d\u00f6kme demir \u00fcretimi devreye sokuldu.\nBunun hemen akabinden de pota ocaklar\u0131 ile beraber demirden gayri metal\nd\u00f6k\u00fcm\u00fcne ba\u015fland\u0131. \u00c7elik d\u00f6k\u00fcm\u00fc ise 1970-1971 y\u0131llar\u0131nda montaj\u0131na ba\u015flanan ve\nbitirilen end\u00fcksiyon ocaklar\u0131 sayesinde o y\u0131llarda ger\u00e7ekle\u015ftirilmi\u015ftir.<\/p>\n\n\n\n<p>Hali\u00e7 Tersanesi\u2019nin d\u00f6k\u00fcmhanesi denince akla gelen isim G\u00fcnnur\nTu\u011frul Dike\u00e7\u2019tir. G\u00fcnnur Tu\u011frul Dike\u00e7 30 Ekim 1942 tarihinde Denizli\u2019de do\u011fdu\nBaba Ad\u0131 Hakk\u0131 Anne Ad\u0131: Huriye\u2019dir. \u0130lk ve orta \u00f6\u011frenimini Denizli&#8217;de\ntamamlad\u0131. 1960 y\u0131l\u0131nda \u0130stanbul Teknik \u00dcniversitesi&#8217;ne girdi. 1964-1965\n\u00f6\u011frenim y\u0131l\u0131nda haziran ay\u0131nda Maden Fak\u00fcltesi\u2019nden \u0130zabe (Metal\u00fcrji) M\u00fchendisi\nolarak mezun oldu 18 Eyl\u00fcl 1965 tarihinde Denizcilik Bankas\u0131 T.A.O Hali\u00e7\nTersanesi\u2019ne girdi D\u00f6k\u00fcmhanede M\u00fchendis olarak \u00e7al\u0131\u015fmaya ba\u015flad\u0131. 25.9.1975\ntarihinde D\u00f6k\u00fcmhane Ba\u015f M\u00fchendisi oldu. 26.6.1985 tarihinde Hali\u00e7 Tersanesi\nD\u00f6k\u00fcmhane \u015eube M\u00fcd\u00fcr\u00fc olarak emekli oldu\u011fu 16.08.1993 tarihine kadar \u00e7al\u0131\u015ft\u0131.\n1966&#8217;da s\u0131n\u0131f arkada\u015f\u0131 ve meslekta\u015f\u0131 Prof.Dr. Feridun Dike\u00e7 ile evlendi.\n\u0130\u015flerini o kadar ba\u011f\u0131ml\u0131 idiler ki \u00c7ocuklar\u0131n\u0131n adlar\u0131n\u0131 Demir ve Tun\u00e7\nkoydular.&nbsp;<\/p>\n\n\n\n<figure class=\"wp-block-image size-large\"><img loading=\"lazy\" decoding=\"async\" width=\"1024\" height=\"753\" src=\"http:\/\/www.alibozoglu.com\/wp-content\/uploads\/2020\/02\/img023-1024x753.jpg\" alt=\"\" class=\"wp-image-670\" srcset=\"http:\/\/www.alibozoglu.com\/wp-content\/uploads\/2020\/02\/img023-1024x753.jpg 1024w, http:\/\/www.alibozoglu.com\/wp-content\/uploads\/2020\/02\/img023-300x221.jpg 300w, http:\/\/www.alibozoglu.com\/wp-content\/uploads\/2020\/02\/img023-768x565.jpg 768w, http:\/\/www.alibozoglu.com\/wp-content\/uploads\/2020\/02\/img023-1536x1129.jpg 1536w, http:\/\/www.alibozoglu.com\/wp-content\/uploads\/2020\/02\/img023-82x60.jpg 82w, http:\/\/www.alibozoglu.com\/wp-content\/uploads\/2020\/02\/img023.jpg 1869w\" sizes=\"(max-width: 1024px) 100vw, 1024px\" \/><\/figure>\n\n\n\n<p>15\nHaziran 1988 y\u0131l\u0131nda bir dergide yay\u0131nlanan r\u00f6portaj\u0131nda \u015funlar yaz\u0131l\u0131\nG\u00fcn\u00fcm\u00fczde, kad\u0131nlar\u0131m\u0131z\u0131n, el atmad\u0131\u011f\u0131 i\u015f alan\u0131 hemen hemen kalmad\u0131. Ama bazan,\nbir erke\u011fi dahi zorlayacak \u00e7al\u0131\u015fma alan\u0131nda kad\u0131nlar\u0131 g\u00f6rmek, insan\u0131\n\u015fa\u015f\u0131rt\u0131-yor do\u011frusu. \u0130\u015fte b\u00f6ylesine de\u011fi\u015fik bir u\u011fra\u015f\u0131 i\u00e7in-de olan\nkad\u0131nlar\u0131m\u0131zdan biri de G\u00fcnnur Dike\u00e7. Kendisi 23 y\u0131ld\u0131r, bir\u00e7ok erke\u011fin bile\ngirmeye \u00e7ekindi\u011fi bir i\u015f kolunda, d\u00f6k\u00fcm i\u015finde \u00e7al\u0131\u015f\u0131yor. S\u0131cakl\u0131\u011f\u0131n, \u00e7e\u015fitli\nmetalleri eritmek i\u00e7in 1600 dereceye kadar \u00e7\u0131kt\u0131\u011f\u0131 f\u0131r\u0131nlarla y\u00fcz y\u00fcze, \u00e7e\u015fitli\nala\u015f\u0131mlar\u0131n de\u011ferlerini tesbit ediyor; potaya al\u0131nan ergimi\u015f hammaddenin kalite\nkontrol\u00fcn\u00fc yap\u0131yor. En \u00f6nemlisi de, yan\u0131nda \u00e7al\u0131\u015fan ve say\u0131s\u0131 105&#8217;e ula\u015fan\ni\u015f\u00e7ileriyle, bir dost gibi, uygarca ili\u015fki kurabiliyor.Yakla\u015f\u0131k \u00e7eyrek\ny\u00fczy\u0131ld\u0131r b\u00fct\u00fcn bunlar\u0131 ba\u015faran, iki \u00e7ocuk sahibi G\u00fcnnur Dike\u00e7, ayn\u0131 zamanda 18\ny\u0131ld\u0131r \u00e7e\u015fitli \u00f6\u011fretim kurumlar\u0131nda da ders veriyor. B\u00fct\u00fcn bunlar\u0131 ba\u015far\u0131yla\ns\u00fcrd\u00fcren G\u00fcnnur Dike\u00e7, istanbul Hali\u00e7 Tersanesinde D\u00f6k\u00fcmhane \u015eubesi M\u00fcd\u00fcr\u00fc\nolarak g\u00f6rev yap\u0131yor. ve yan\u0131mda \u00e7al\u0131-\u015fanlar\u0131n hi\u00e7birinden sayg\u0131s\u0131z bir\ndavran\u0131\u015f g\u00f6rmedim&#8221; diyerek duygular\u0131n\u0131 dile getiriyor. &#8220;Demir\nLady&#8221; ad\u0131n\u0131 \u00e7oktan haketmi\u015f olan G\u00fcnnur Dike\u00e7, Hali\u00e7 Tersanesinde adeta\nyoktan var ettikleri d\u00f6k\u00fcmhane fabrikas\u0131nda, sanki evindeymi\u015f gibi rahat.\nY\u00fczlerce derecelik \u0131s\u0131 veren f\u0131r\u0131nlar\u0131n etraf\u0131nda, hemen her g\u00fcn dola\u015f\u0131yor.\nYeni \u00fcr\u00fcnleri kontrol ediyor. \u00dcretimde bir sorun ol-mamas\u0131 i\u00e7in \u00e7al\u0131\u015f\u0131yor.\nFabrikada, T\u00fcrkiye&#8217;nin 5 tersanesinin ihtiyac\u0131 olan yedek par\u00e7alar\u0131\nyapt\u0131klar\u0131n\u0131; ayr\u0131ca, Polonya i\u00e7in yap\u0131lan gemilerin motor g\u00f6vdelerini\nd\u00f6kt\u00fcklerini tek tek anlat\u0131yor.G\u00fcnnur Dike\u00e7, fabrikada 4,5 ton a\u011f\u0131rl\u0131\u011fa kadar\ntek par\u00e7a d\u00f6k\u00fcmleri de yapt\u0131klar\u0131n\u0131 belirterek: &#8220;\u00dcr\u00fcnlerimiz, merkezi yurt\nd\u0131\u015f\u0131nda bulunan klas&#8221; kurulu\u015flar\u0131 taraf\u0131ndan, uluslararas\u0131 standartlara\ng\u00f6re kontrol edilir. Ondan sonra \u00fcretime ge\u00e7ilir ya da kullan\u0131l\u0131r. Y\u0131lda 700\nton civar\u0131nda \u00fcr\u00fcn ortaya \u00e7\u0131kar. Ben yapt\u0131\u011f\u0131m i\u015ften gurur duyuyorum; \u00e7\u00fcnk\u00fc\nbug\u00fcn, end\u00fcstri bak\u0131m\u0131ndan ileri, milli geliri y\u00fcksek \u00fclkelere bakt\u0131\u011f\u0131m\u0131zda,\nd\u00f6k\u00fcmc\u00fcl\u00fc\u011f\u00fcn \u00e7ok geli\u015fmi\u015f oldu\u011funu g\u00f6r\u00fcr\u00fcz. Biz, 20 y\u0131l \u00f6nce elimizde bulunan\nk\u00fc\u00e7\u00fck at\u00f6lyeyi b\u00fcy\u00fct\u00fcp, bug\u00fcnk\u00fc seviyeye getirdik. T\u00fcrkiye&#8217;de bu i\u015flerin\nAvrupa&#8217;dan da ileri seviyede yap\u0131laca\u011f\u0131na inan\u0131yorum. \u00c7\u00fcnk\u00fc bizim i\u015f\u00e7ilerimiz\nAvrupa&#8217;dakilerden daha iyi. Yeter ki onlara imk\u00e2n sa\u011flayal\u0131m&#8221; s\u00f6zleriyle, i\u015f\nya\u015fam\u0131na nas\u0131l bakt\u0131\u011f\u0131n\u0131 da anlat\u0131yor.<\/p>\n\n\n\n<figure class=\"wp-block-image size-large\"><img loading=\"lazy\" decoding=\"async\" width=\"1024\" height=\"919\" src=\"http:\/\/www.alibozoglu.com\/wp-content\/uploads\/2020\/02\/D\u00f6k\u00fcmhanede-D\u00f6k\u00fclenler-1-1024x919.jpg\" alt=\"\" class=\"wp-image-671\" srcset=\"http:\/\/www.alibozoglu.com\/wp-content\/uploads\/2020\/02\/D\u00f6k\u00fcmhanede-D\u00f6k\u00fclenler-1-1024x919.jpg 1024w, http:\/\/www.alibozoglu.com\/wp-content\/uploads\/2020\/02\/D\u00f6k\u00fcmhanede-D\u00f6k\u00fclenler-1-300x269.jpg 300w, http:\/\/www.alibozoglu.com\/wp-content\/uploads\/2020\/02\/D\u00f6k\u00fcmhanede-D\u00f6k\u00fclenler-1-768x689.jpg 768w, http:\/\/www.alibozoglu.com\/wp-content\/uploads\/2020\/02\/D\u00f6k\u00fcmhanede-D\u00f6k\u00fclenler-1-67x60.jpg 67w, http:\/\/www.alibozoglu.com\/wp-content\/uploads\/2020\/02\/D\u00f6k\u00fcmhanede-D\u00f6k\u00fclenler-1.jpg 1056w\" sizes=\"(max-width: 1024px) 100vw, 1024px\" \/><\/figure>\n\n\n\n<p>D\u00f6k\u00fcmhanede 23 y\u0131l \u00e7al\u0131\u015fan G\u00fcnnur Dike\u00e7, bir an\u0131s\u0131n\u0131 da \u015f\u00f6yle\ndile getiriyor: &#8220;Yurt d\u0131\u015f\u0131nda bir i\u015f gezisindeydim. \u0130ngiltere&#8217;de bir\nmakina fabrikas\u0131n\u0131 geziyordum. Yan\u0131ma fabrikan\u0131n e\u011fitim m\u00fcd\u00fcr\u00fcn\u00fc vermi\u015flerdi.\nKendisi bana bir bayan\u0131n d\u00f6k\u00fcmhane m\u00fcd\u00fcr\u00fc olmas\u0131n\u0131n ilgin\u00e7 oldu\u011funu s\u00f6yledi;\nben de, asl\u0131nda fazla ilgin\u00e7 de\u011fil, dedim. Bunu duyan e\u011fitim m\u00fcd\u00fcr\u00fc \u015fa\u015f\u0131rd\u0131 ve\nsebebini sordu. Ona \u015fu cevab\u0131 verdim: D\u00f6k\u00fcmhane ufak bir yer. Ama sizin\nBritanya imparatorlu\u011funuz \u00e7ok b\u00fcy\u00fck ve iki kad\u0131n taraf\u0131ndan y\u00f6netiliyor. As\u0131l\nbu ilgin\u00e7. Refakat\u00e7im sustu; bir daha da konu\u015fmad\u0131.<\/p>\n\n\n\n<p>\u00c7al\u0131\u015fmaktan yorulmayan, i\u015fi d\u0131\u015f\u0131nda evinde mesle\u011fiyle ilgili yay\u0131nlar\u0131 izleyen G\u00fcnnur Dike\u00e7, kad\u0131n sorunlar\u0131ndan da uzak de\u011fil. T\u00fcrkiye&#8217;de, kurulan Cumhuriyetle birlikte kad\u0131n sorunlar\u0131na bak\u0131\u015f\u0131n yenilendi\u011fini vurguluyor: &#8220;Kanunlar \u00e7ok g\u00fczel; ama bunlar, k\u0131rsal kesimde uygulanamam\u0131\u015f. Oralarda ya\u015fayan kad\u0131nlar\u0131m\u0131z bilin\u00e7li de\u011fil. Bence T\u00fcrk kad\u0131n\u0131n\u0131n iyi bir noktaya gelebilmesi i\u00e7in tek \u015fart var, o da e\u011fitim. Kad\u0131nlar\u0131n, i\u015flerini erkeklerden daha dikkatli yapt\u0131klar\u0131na inan\u0131yorum. Kad\u0131n bir e\u011fitilirse, kendisinden daha iyi sonu\u00e7 al\u0131n\u0131r&#8221; derken, \u00e7al\u0131\u015fan bir kad\u0131n olman\u0131n kendisini ev ya\u015fam\u0131nda hi\u00e7 de zorlamad\u0131\u011f\u0131n\u0131 belirtiyor.&nbsp;<\/p>\n\n\n\n<figure class=\"wp-block-image size-large\"><img loading=\"lazy\" decoding=\"async\" width=\"935\" height=\"823\" src=\"http:\/\/www.alibozoglu.com\/wp-content\/uploads\/2020\/02\/D\u00f6k\u00fcmhanede-D\u00f6k\u00fclenler-3.jpg\" alt=\"\" class=\"wp-image-672\" srcset=\"http:\/\/www.alibozoglu.com\/wp-content\/uploads\/2020\/02\/D\u00f6k\u00fcmhanede-D\u00f6k\u00fclenler-3.jpg 935w, http:\/\/www.alibozoglu.com\/wp-content\/uploads\/2020\/02\/D\u00f6k\u00fcmhanede-D\u00f6k\u00fclenler-3-300x264.jpg 300w, http:\/\/www.alibozoglu.com\/wp-content\/uploads\/2020\/02\/D\u00f6k\u00fcmhanede-D\u00f6k\u00fclenler-3-768x676.jpg 768w, http:\/\/www.alibozoglu.com\/wp-content\/uploads\/2020\/02\/D\u00f6k\u00fcmhanede-D\u00f6k\u00fclenler-3-68x60.jpg 68w\" sizes=\"(max-width: 935px) 100vw, 935px\" \/><\/figure>\n\n\n\n<p>\n\n\n\n1965 y\u0131l\u0131nda Hali\u00e7 Tersanesinde yeni kurulan Merkezi D\u00f6k\u00fcmhane ve Laboratuar&#8217;\u0131n\nkurulmas\u0131 ve \u00e7al\u0131\u015ft\u0131r\u0131lmas\u0131 g\u00f6revi ile sekt\u00f6re ad\u0131m atan G\u00fcnnur Dike\u00e7, denizcilik\nsekt\u00f6r\u00fcnde sadece d\u00f6k\u00fcmhane de \u00e7al\u0131\u015fmakla yetinmeyip bilgilerini yeni nesillere\naktarmak i\u00e7in y\u0131llarca \u00f6\u011fretim g\u00f6revlisi olarak \u00e7al\u0131\u015fm\u0131\u015f. Hali\u00e7 Tersanesinde\ng\u00f6reve ba\u015flad\u0131\u011f\u0131 y\u0131llarda bir\u00e7ok yeni giri\u015fime korkusuzca el uzatan Dike\u00e7,\nba\u015far\u0131s\u0131zl\u0131kla sonu\u00e7lanan denemeler ya\u015famas\u0131na ra\u011fmen \u00e7al\u0131\u015fmalar\u0131n\u0131 azimli bir\n\u015fekilde s\u00fcrd\u00fcrerek T\u00fcrkiye&#8217;nin klas onayl\u0131 ilk pervanesini d\u00f6kme ba\u015far\u0131s\u0131\ng\u00f6stermi\u015ftir.Ate\u015f alt\u0131nda bir kad\u0131n. Onun i\u00e7in y\u0131llar \u00f6nce bu ba\u015fl\u0131\u011f\u0131 atm\u0131\u015ft\u0131\ngazeteler, O, T\u00fcrk gemi in\u015fa sanayinin be\u015fi\u011fi Hali\u00e7 Tersanesinde g\u00f6reve\nba\u015flad\u0131\u011f\u0131 y\u0131llarda sanayimizde \u00e7al\u0131\u015fan kad\u0131n say\u0131s\u0131 belki de iki elin parma\u011f\u0131n\u0131\nge\u00e7miyordu, Yapt\u0131\u011f\u0131 denemeler, azimli \u00e7al\u0131\u015fmalar\u0131, \u00e7al\u0131\u015fma hayat\u0131ndan sonra\nbile bilgilerini yeni nesillere aktarma i\u00e7in Gedik \u00dcniversitesi taraf\u0131ndan\nbas\u0131ld\u0131. Malzeme Bilgisi ve \u0130mal usulleri adl\u0131 kitab\u0131 yazm\u0131\u015ft\u0131r. Ayr\u0131ca 2001&#8217;de\nortakl\u0131kla kendi \u015firketini kuran Dike\u00e7, 2008 y\u0131l\u0131na kadar Elektronik Sanayiine\nkendi geli\u015ftirdi\u011fi alkol lehimleme fluxlar\u0131n\u0131 ve kendi bulup imal etti\u011fi su\nbazl\u0131 flux\u0131n \u00fcretimini yapm\u0131\u015ft\u0131r..<\/p>\n\n\n\n<figure class=\"wp-block-image size-large\"><img loading=\"lazy\" decoding=\"async\" width=\"1024\" height=\"753\" src=\"http:\/\/www.alibozoglu.com\/wp-content\/uploads\/2020\/02\/img030-1024x753.jpg\" alt=\"\" class=\"wp-image-673\" srcset=\"http:\/\/www.alibozoglu.com\/wp-content\/uploads\/2020\/02\/img030-1024x753.jpg 1024w, http:\/\/www.alibozoglu.com\/wp-content\/uploads\/2020\/02\/img030-300x221.jpg 300w, http:\/\/www.alibozoglu.com\/wp-content\/uploads\/2020\/02\/img030-768x565.jpg 768w, http:\/\/www.alibozoglu.com\/wp-content\/uploads\/2020\/02\/img030-1536x1130.jpg 1536w, http:\/\/www.alibozoglu.com\/wp-content\/uploads\/2020\/02\/img030-82x60.jpg 82w, http:\/\/www.alibozoglu.com\/wp-content\/uploads\/2020\/02\/img030.jpg 1877w\" sizes=\"(max-width: 1024px) 100vw, 1024px\" \/><\/figure>\n\n\n\n<p>Deniz Der\u2019in d\u00fczenledi\u011fi Tersane-i Amire\u2019nin kurulu\u015funun 559 y\u0131l\u0131 etkinlikleri 11 Aral\u0131k 2013 \u00c7ar\u015famba g\u00fcn\u00fc &nbsp;Hali\u00e7 Tersanesi\u2019nde yap\u0131ld\u0131 G\u00fcnnur Han\u0131m toplant\u0131n\u0131n yap\u0131ld\u0131\u011f\u0131 yere gelince adata k\u00fc\u00e7\u00fck dilini yutacakt\u0131. Y\u0131llarca \u00e7al\u0131\u015ft\u0131\u011f\u0131 Lloyd tasdikli pervane ve di\u011fer malzemeleri ile Pendik Sulzer Motor Bloklar\u0131n\u0131 d\u00f6kt\u00fc\u011f\u00fc T\u00fcrkiye\u2019nin en modern d\u00f6k\u00fcmhanesi kapat\u0131lm\u0131\u015f ocaklar s\u00f6nd\u00fcr\u00fclm\u00fc\u015f d\u00f6k\u00fcmhaneyi bu halde g\u00f6ren G\u00fcnnur Dike\u00e7 konu\u015fmac\u0131lar aras\u0131nda olamamas\u0131na ra\u011fmen s\u00f6z isteyerek d\u00f6k\u00fcmhane \u00fczerine bir konu\u015fma yapm\u0131\u015ft\u0131. O konu\u015fma bu g\u00fcn bile sat\u0131r sat\u0131r akl\u0131mdad\u0131r. K\u0131saca bu d\u00f6k\u00fcmhanede 1974 K\u0131br\u0131s Bar\u0131\u015f Harekat\u0131 sonras\u0131nda ba\u015fta Amerika Birle\u015fik Devletleri ve di\u011fer Nato \u00fclkeleri ambargo koymu\u015flard\u0131 yedek par\u00e7a nedeniyle u\u00e7aklar \u00e7al\u0131\u015fm\u0131yor gemiler yedek par\u00e7a y\u00fcz\u00fcnden denizde aylarca demirde bekliyordu bu d\u00f6k\u00fcmhanede o yedek par\u00e7alar d\u00f6k\u00fcld\u00fc u\u00e7aklar u\u00e7tu gemiler demir al\u0131p gittiler. O g\u00fcnleri ya\u015fayan biri olarak ba\u015fta siyasiler olmak \u00fczere Sanayicisi, \u0130\u015f Adamlar\u0131, ve D\u0131\u015f \u0130\u015fleri yetkilileri yo\u011fun \u00e7abas\u0131 neticesinde bu ambargo kalkt\u0131\u011f\u0131n\u0131 biliyordum G\u00fcnnur Dike\u00e7\u2019in bu konu\u015fmas\u0131 bana as\u0131l ambargoyu kald\u0131ran\u0131n siyasiler de\u011fil G\u00fcnnur Dike\u00e7 gibi \u00fclkesine seven ki\u015filerin azimli \u00e7al\u0131\u015fmalar\u0131 sonunun da kalkt\u0131\u011f\u0131n\u0131 g\u00f6stermi\u015ftir&nbsp;<\/p>\n\n\n\n<figure class=\"wp-block-image size-large\"><img loading=\"lazy\" decoding=\"async\" width=\"1024\" height=\"757\" src=\"http:\/\/www.alibozoglu.com\/wp-content\/uploads\/2020\/02\/T\u00fcrkcast-Dergisi-4-say\u0131-2010-10-1024x757.jpg\" alt=\"\" class=\"wp-image-675\" srcset=\"http:\/\/www.alibozoglu.com\/wp-content\/uploads\/2020\/02\/T\u00fcrkcast-Dergisi-4-say\u0131-2010-10-1024x757.jpg 1024w, http:\/\/www.alibozoglu.com\/wp-content\/uploads\/2020\/02\/T\u00fcrkcast-Dergisi-4-say\u0131-2010-10-300x222.jpg 300w, http:\/\/www.alibozoglu.com\/wp-content\/uploads\/2020\/02\/T\u00fcrkcast-Dergisi-4-say\u0131-2010-10-768x567.jpg 768w, http:\/\/www.alibozoglu.com\/wp-content\/uploads\/2020\/02\/T\u00fcrkcast-Dergisi-4-say\u0131-2010-10-1536x1135.jpg 1536w, http:\/\/www.alibozoglu.com\/wp-content\/uploads\/2020\/02\/T\u00fcrkcast-Dergisi-4-say\u0131-2010-10-81x60.jpg 81w, http:\/\/www.alibozoglu.com\/wp-content\/uploads\/2020\/02\/T\u00fcrkcast-Dergisi-4-say\u0131-2010-10.jpg 2033w\" sizes=\"(max-width: 1024px) 100vw, 1024px\" \/><\/figure>\n\n\n\n<p>71\nya\u015f\u0131nda olmas\u0131na ra\u011fmen b\u00fcy\u00fck bir istekle \u00e7al\u0131\u015fan G\u00fcnnur Dike\u00e7\u2019e \u0130yi bir e\u015f,\niyi bir anne, iyi bir y\u00f6netici gecesini g\u00fcnd\u00fcz\u00fcne katarak bu \u00fclkenin kalk\u0131nmas\u0131\ni\u00e7in 16000 derecede d\u00f6k\u00fcmhane de \u00e7al\u0131\u015fan G\u00fcnnur Dike\u00e7\u2019e ya\u015fam boyu sa\u011fl\u0131k\nmutluluk. dilerim&nbsp;<\/p>\n","protected":false},"excerpt":{"rendered":"<p>D\u00f6k\u00fcmc\u00fcl\u00fck, \u00f6z\u00fcnde metallere \u015fekil verme eylemidir; insan\u0131n do\u011fay\u0131 de\u011fi\u015ftirip d\u00fcn\u00fc\u015ft\u00fcrerek, onu kendi yarar\u0131 ve estetik duyumu do\u011frultusunda i\u015fleyip yeniden olu\u015fturmas\u0131d\u0131r. D\u00f6k\u00fcmc\u00fcl\u00fck, hem bir zanaat hem de sanatt\u0131r. D\u00f6k\u00fcmc\u00fcl\u00fc\u011f\u00fcn tarihi son \u00e7\u00f6z\u00fcmlemede madencili\u011fin tarihine indirgenebilir. \u0130nsanl\u0131\u011f\u0131n ta\u015f madencili\u011finden metal madencili\u011fine ge\u00e7ti\u011fi Neolitik \u00c7a\u011f, d\u00f6k\u00fcmc\u00fcl\u00fc\u011f\u00fcn de ba\u015flad\u0131\u011f\u0131 \u00e7a\u011fd\u0131r. Bir\u00e7ok topluluk bak\u0131r, tun\u00e7 ve demirden ilk aletleri bu &hellip; <\/p>\n","protected":false},"author":1,"featured_media":676,"comment_status":"open","ping_status":"open","sticky":false,"template":"","format":"standard","meta":{"footnotes":""},"categories":[8],"tags":[],"_links":{"self":[{"href":"http:\/\/www.alibozoglu.com\/index.php\/wp-json\/wp\/v2\/posts\/666"}],"collection":[{"href":"http:\/\/www.alibozoglu.com\/index.php\/wp-json\/wp\/v2\/posts"}],"about":[{"href":"http:\/\/www.alibozoglu.com\/index.php\/wp-json\/wp\/v2\/types\/post"}],"author":[{"embeddable":true,"href":"http:\/\/www.alibozoglu.com\/index.php\/wp-json\/wp\/v2\/users\/1"}],"replies":[{"embeddable":true,"href":"http:\/\/www.alibozoglu.com\/index.php\/wp-json\/wp\/v2\/comments?post=666"}],"version-history":[{"count":2,"href":"http:\/\/www.alibozoglu.com\/index.php\/wp-json\/wp\/v2\/posts\/666\/revisions"}],"predecessor-version":[{"id":856,"href":"http:\/\/www.alibozoglu.com\/index.php\/wp-json\/wp\/v2\/posts\/666\/revisions\/856"}],"wp:featuredmedia":[{"embeddable":true,"href":"http:\/\/www.alibozoglu.com\/index.php\/wp-json\/wp\/v2\/media\/676"}],"wp:attachment":[{"href":"http:\/\/www.alibozoglu.com\/index.php\/wp-json\/wp\/v2\/media?parent=666"}],"wp:term":[{"taxonomy":"category","embeddable":true,"href":"http:\/\/www.alibozoglu.com\/index.php\/wp-json\/wp\/v2\/categories?post=666"},{"taxonomy":"post_tag","embeddable":true,"href":"http:\/\/www.alibozoglu.com\/index.php\/wp-json\/wp\/v2\/tags?post=666"}],"curies":[{"name":"wp","href":"https:\/\/api.w.org\/{rel}","templated":true}]}}