{"id":613,"date":"2020-02-15T22:46:48","date_gmt":"2020-02-15T22:46:48","guid":{"rendered":"http:\/\/www.alibozoglu.com\/?p=613"},"modified":"2020-05-17T12:13:01","modified_gmt":"2020-05-17T12:13:01","slug":"kaptan-mumtaz-diker-12-temmuz-1919-10-ekim-2016","status":"publish","type":"post","link":"http:\/\/www.alibozoglu.com\/index.php\/2020\/02\/15\/kaptan-mumtaz-diker-12-temmuz-1919-10-ekim-2016\/","title":{"rendered":"KAPTAN M\u00dcMTAZ D\u0130KER 12 TEMMUZ 1919-10 EK\u0130M 2016"},"content":{"rendered":"\n<figure class=\"wp-block-image size-large\"><img loading=\"lazy\" decoding=\"async\" width=\"606\" height=\"1024\" src=\"http:\/\/www.alibozoglu.com\/wp-content\/uploads\/2020\/02\/\u00d6zel-Resimler-2-606x1024.jpg\" alt=\"\" class=\"wp-image-614\" srcset=\"http:\/\/www.alibozoglu.com\/wp-content\/uploads\/2020\/02\/\u00d6zel-Resimler-2-606x1024.jpg 606w, http:\/\/www.alibozoglu.com\/wp-content\/uploads\/2020\/02\/\u00d6zel-Resimler-2-178x300.jpg 178w, http:\/\/www.alibozoglu.com\/wp-content\/uploads\/2020\/02\/\u00d6zel-Resimler-2-768x1298.jpg 768w, http:\/\/www.alibozoglu.com\/wp-content\/uploads\/2020\/02\/\u00d6zel-Resimler-2-909x1536.jpg 909w, http:\/\/www.alibozoglu.com\/wp-content\/uploads\/2020\/02\/\u00d6zel-Resimler-2-36x60.jpg 36w, http:\/\/www.alibozoglu.com\/wp-content\/uploads\/2020\/02\/\u00d6zel-Resimler-2.jpg 1077w\" sizes=\"(max-width: 606px) 100vw, 606px\" \/><\/figure>\n\n\n\n<p>12 Temmuz 1919 tarihinde \u0130stanbul da\ndo\u011fdu. Anne ad\u0131 Fatma Baba ad\u0131 Salih\u2019tir Kaptan Halit M\u00fcmtaz Diker 1930 y\u0131l\u0131nda\nKas\u0131mpa\u015fa\u2019da Cezayirli Gazi Hasan Pa\u015fa \u0130lkokulunu, 1935 y\u0131l\u0131nda Ey\u00fcp\nOrtaokulunu bitirdi.&nbsp;<\/p>\n\n\n\n<p>\u0130stanbul Erkek Lisesi\u2019nde lise ikinci\ns\u0131n\u0131fa ge\u00e7mesine ra\u011fmen Denize olan sevgisi nedeniyle bir aile dostunun tavsiye\nve te\u015fviki ile e\u011fitiminde y\u00f6n de\u011fi\u015fikli\u011fi yapar. Bir y\u0131l kay\u0131pla Y\u00fcksek\nDenizcilik Okulu\u2019nun lise birinci s\u0131n\u0131f\u0131na ge\u00e7i\u015f yapar Lise ve sonras\u0131 Y\u00fcksek\nk\u0131sm\u0131n\u0131 da okuyarak 1 Temmuz 1943 tarihinde mezun olur.&nbsp;<\/p>\n\n\n\n<figure class=\"wp-block-image size-large\"><img loading=\"lazy\" decoding=\"async\" width=\"667\" height=\"1024\" src=\"http:\/\/www.alibozoglu.com\/wp-content\/uploads\/2020\/02\/\u00d6zel-Resimler-28-667x1024.jpg\" alt=\"\" class=\"wp-image-615\" srcset=\"http:\/\/www.alibozoglu.com\/wp-content\/uploads\/2020\/02\/\u00d6zel-Resimler-28-667x1024.jpg 667w, http:\/\/www.alibozoglu.com\/wp-content\/uploads\/2020\/02\/\u00d6zel-Resimler-28-195x300.jpg 195w, http:\/\/www.alibozoglu.com\/wp-content\/uploads\/2020\/02\/\u00d6zel-Resimler-28-768x1179.jpg 768w, http:\/\/www.alibozoglu.com\/wp-content\/uploads\/2020\/02\/\u00d6zel-Resimler-28-1001x1536.jpg 1001w, http:\/\/www.alibozoglu.com\/wp-content\/uploads\/2020\/02\/\u00d6zel-Resimler-28-39x60.jpg 39w, http:\/\/www.alibozoglu.com\/wp-content\/uploads\/2020\/02\/\u00d6zel-Resimler-28.jpg 1206w\" sizes=\"(max-width: 667px) 100vw, 667px\" \/><\/figure>\n\n\n\n<p>Bu tarihlerde II. D\u00fcnya Sava\u015f\u0131 b\u00fct\u00fcn\n\u015fiddeti ile devam etti\u011fi i\u00e7in hemen Askerlik g\u00f6revine \u00e7a\u011f\u0131r\u0131l\u0131r. \u0130stanbul\nBo\u011faz\u0131 Askeri Nakliyat Komutanl\u0131\u011f\u0131 ile \u0130ngiltere Deniz Kuvvetleri \u0130stanbul\nDeniz M\u00fc\u015favirli\u011fi irtibat subayl\u0131\u011f\u0131 yapar. Kaptan Halit M\u00fcmtaz Diker Askerlik\ng\u00f6revini yapt\u0131\u011f\u0131 s\u0131rada \u015eubat 1941 tarihinde ni\u015fanland\u0131\u011f\u0131 T\u00fcrk denizcilik\ntarihinin efsane kaptanlar\u0131ndan Necdet OR\u2019 un k\u0131z karde\u015fi Ay\u015fe Bet\u00fcl han\u0131mla 8\nTemmuz 1944 tarihinde evlenir.<\/p>\n\n\n\n<figure class=\"wp-block-image size-large\"><img loading=\"lazy\" decoding=\"async\" width=\"635\" height=\"1024\" src=\"http:\/\/www.alibozoglu.com\/wp-content\/uploads\/2020\/02\/29-635x1024.jpg\" alt=\"\" class=\"wp-image-618\" srcset=\"http:\/\/www.alibozoglu.com\/wp-content\/uploads\/2020\/02\/29-635x1024.jpg 635w, http:\/\/www.alibozoglu.com\/wp-content\/uploads\/2020\/02\/29-186x300.jpg 186w, http:\/\/www.alibozoglu.com\/wp-content\/uploads\/2020\/02\/29-768x1238.jpg 768w, http:\/\/www.alibozoglu.com\/wp-content\/uploads\/2020\/02\/29-953x1536.jpg 953w, http:\/\/www.alibozoglu.com\/wp-content\/uploads\/2020\/02\/29-1270x2048.jpg 1270w, http:\/\/www.alibozoglu.com\/wp-content\/uploads\/2020\/02\/29-37x60.jpg 37w, http:\/\/www.alibozoglu.com\/wp-content\/uploads\/2020\/02\/29.jpg 1321w\" sizes=\"(max-width: 635px) 100vw, 635px\" \/><\/figure>\n\n\n\n<p>Sava\u015f\u0131n sona ermesi ile 19 Nisan 1945\ntarihinde Deniz Te\u011fmeni olarak terhis edilir. Terhisinden sonra O d\u00f6nemde\nbir\u00e7ok bak\u0131mdan \u00e7al\u0131\u015fabilecek en g\u00fcvenilir kurum olan Devlet Denizyollar\u0131 ve\nLimanlar\u0131 \u0130\u015fletmesi Genel M\u00fcd\u00fcrl\u00fc\u011f\u00fc ba\u015fvurarak \u0130\u015fletme gemilerine M\u00fclaz\u0131m\nKaptan olarak g\u00f6rev al\u0131r. T\u00fcrkiye II. D\u00fcnya Sava\u015f\u0131ndan sonra eskiyen filosunu\ng\u00fc\u00e7lendirmek amac\u0131yla Amerika Birle\u015fik Devletleri ile imzalad\u0131\u011f\u0131 Marshall\nyard\u0131m\u0131 \u00e7er\u00e7evesinde 7 adet yolcu gemisi 10 adedi y\u00fck gemisi ve 2 adedi tanker\nolmak \u00fczere toplam 19 adet gemi al\u0131n\u0131r.&nbsp;<\/p>\n\n\n\n<figure class=\"wp-block-image size-large\"><img loading=\"lazy\" decoding=\"async\" width=\"1024\" height=\"789\" src=\"http:\/\/www.alibozoglu.com\/wp-content\/uploads\/2020\/02\/\u00d6zel-Resimler-34-1024x789.jpg\" alt=\"\" class=\"wp-image-616\" srcset=\"http:\/\/www.alibozoglu.com\/wp-content\/uploads\/2020\/02\/\u00d6zel-Resimler-34-1024x789.jpg 1024w, http:\/\/www.alibozoglu.com\/wp-content\/uploads\/2020\/02\/\u00d6zel-Resimler-34-300x231.jpg 300w, http:\/\/www.alibozoglu.com\/wp-content\/uploads\/2020\/02\/\u00d6zel-Resimler-34-768x592.jpg 768w, http:\/\/www.alibozoglu.com\/wp-content\/uploads\/2020\/02\/\u00d6zel-Resimler-34-1536x1184.jpg 1536w, http:\/\/www.alibozoglu.com\/wp-content\/uploads\/2020\/02\/\u00d6zel-Resimler-34-78x60.jpg 78w, http:\/\/www.alibozoglu.com\/wp-content\/uploads\/2020\/02\/\u00d6zel-Resimler-34.jpg 1920w\" sizes=\"(max-width: 1024px) 100vw, 1024px\" \/><\/figure>\n\n\n\n<p>Al\u0131nan bu gemiler i\u00e7erisinde S\/S Tarsus\ngemisi de vard\u0131r. S\/S Tarsus 16 Nisan 1948 tarihinde T\u00fcrk yetkililerince teslim\nal\u0131n\u0131r. S\/S Tarsus gemisi teslim alan heyette kaptan T\u00fcrkiye\u2019de \u201cAtat\u00fcrk\u2019\u00fcn\nkaptan\u0131\u201d diye an\u0131lan disiplinli \u00e7al\u0131\u015fmas\u0131, engin bilgisi ile herkesin\ntakdirini, sevgisini ve sayg\u0131s\u0131n\u0131 kazanan Sait \u00d6zege, \u0130kinci kaptan Faz\u0131l\n\u0130slam, ve gemiye T\u00fcrk Bayra\u011f\u0131n\u0131 \u00e7eken 3. kaptan ise Halit M\u00fcmtaz\nDiker\u2019dir.&nbsp;<\/p>\n\n\n\n<figure class=\"wp-block-image size-large\"><img loading=\"lazy\" decoding=\"async\" width=\"1024\" height=\"682\" src=\"http:\/\/www.alibozoglu.com\/wp-content\/uploads\/2020\/02\/1-2-1024x682.jpg\" alt=\"\" class=\"wp-image-617\" srcset=\"http:\/\/www.alibozoglu.com\/wp-content\/uploads\/2020\/02\/1-2-1024x682.jpg 1024w, http:\/\/www.alibozoglu.com\/wp-content\/uploads\/2020\/02\/1-2-300x200.jpg 300w, http:\/\/www.alibozoglu.com\/wp-content\/uploads\/2020\/02\/1-2-768x511.jpg 768w, http:\/\/www.alibozoglu.com\/wp-content\/uploads\/2020\/02\/1-2-90x60.jpg 90w, http:\/\/www.alibozoglu.com\/wp-content\/uploads\/2020\/02\/1-2.jpg 1077w\" sizes=\"(max-width: 1024px) 100vw, 1024px\" \/><\/figure>\n\n\n\n<p>Kaptan Halit M\u00fcmtaz Diker 1948 y\u0131l\u0131nda\nyak\u0131n yol 1955 y\u0131l\u0131nda ise Uzak Yol Kaptanl\u0131k ehliyetini al\u0131r.1955 y\u0131l\u0131nda\nDenizcilik Bankas\u0131 T.A.O ayr\u0131larak ayr\u0131 bir Genel M\u00fcd\u00fcrl\u00fck olarak kurulan\nD.B.Deniz Nakliyat\u0131 T.A.\u015e ge\u00e7er. Burada 1958 y\u0131l\u0131na G\u00fcverte Enspekt\u00f6rl\u00fc\u011f\u00fc\ng\u00f6revini getirilir. Bir y\u0131l sonra Operasyon M\u00fcd\u00fcrl\u00fc\u011f\u00fc\u2019ne atan\u0131r.<\/p>\n\n\n\n<p>1966 \u2013 1969 y\u0131llar\u0131 aras\u0131nda mezun\noldu\u011fu Y\u00fcksek Denizcilik Okulu\u2019nun e\u011fitim gemisi olan Hamit Naci\u2019de Kaptan ve\nE\u011fitim g\u00f6revlisi olarak g\u00f6rev yapar g\u00f6rev yapt\u0131\u011f\u0131 bu s\u00fcre i\u00e7erisinde\n\u00f6\u011frencilere Uygulamal\u0131 Denizcilik E\u011fitimi verir. Emekli oldu\u011fu 1974 y\u0131l\u0131na\nkadar D.B.Deniz Nakliyat\u0131 T.A.\u015e filosunda bulunan \u00e7e\u015fitli gemilerde\n\u00e7al\u0131\u015f\u0131r.&nbsp;<\/p>\n\n\n\n<figure class=\"wp-block-image size-large\"><img loading=\"lazy\" decoding=\"async\" width=\"1024\" height=\"725\" src=\"http:\/\/www.alibozoglu.com\/wp-content\/uploads\/2020\/02\/tara0002-2-1024x725.jpg\" alt=\"\" class=\"wp-image-620\" srcset=\"http:\/\/www.alibozoglu.com\/wp-content\/uploads\/2020\/02\/tara0002-2-1024x725.jpg 1024w, http:\/\/www.alibozoglu.com\/wp-content\/uploads\/2020\/02\/tara0002-2-300x212.jpg 300w, http:\/\/www.alibozoglu.com\/wp-content\/uploads\/2020\/02\/tara0002-2-768x544.jpg 768w, http:\/\/www.alibozoglu.com\/wp-content\/uploads\/2020\/02\/tara0002-2-1536x1088.jpg 1536w, http:\/\/www.alibozoglu.com\/wp-content\/uploads\/2020\/02\/tara0002-2-85x60.jpg 85w, http:\/\/www.alibozoglu.com\/wp-content\/uploads\/2020\/02\/tara0002-2.jpg 1765w\" sizes=\"(max-width: 1024px) 100vw, 1024px\" \/><\/figure>\n\n\n\n<p>Bu arada toplam alt\u0131 y\u0131l kadar \u00e7e\u015fitli\nDaire Ba\u015fkanl\u0131klar\u0131 g\u00f6revlerinde bulunur.1969 y\u0131l\u0131nda Gemi Yapt\u0131rma ve Sat\u0131n\nAlma Kurulunda Ba\u015fkan olarak g\u00f6rev al\u0131r bu g\u00f6rev s\u0131ras\u0131nda Polonya, Stoczni\nGdanska im Lenina Tersanesinde General s\u0131n\u0131f\u0131 olarak adland\u0131r\u0131lan General A.\nFuat Cebesoy, General R. G\u00fcm\u00fc\u015fpala, General Kaz\u0131m Orbay ve General Z.Do\u011fan ve\nYugoslavya\u2019da Trog\u0131r\u2019de Bradradiliste tersanesinde nehir s\u0131n\u0131f\u0131 olarak adland\u0131r\u0131lacak\nolan F\u0131rat, Aras, Dicle, Gediz, Keban gemileri in\u015fa edilir. \u0130n\u015fa edilen bu yeni\ngemilerden General A. Fuat Cebesoy gemisini teslim al\u0131r ilk kaptanl\u0131\u011f\u0131n\u0131\nyapar.&nbsp;<\/p>\n\n\n\n<figure class=\"wp-block-image size-large\"><img loading=\"lazy\" decoding=\"async\" width=\"1024\" height=\"797\" src=\"http:\/\/www.alibozoglu.com\/wp-content\/uploads\/2020\/02\/3-1024x797.jpg\" alt=\"\" class=\"wp-image-621\" srcset=\"http:\/\/www.alibozoglu.com\/wp-content\/uploads\/2020\/02\/3-1024x797.jpg 1024w, http:\/\/www.alibozoglu.com\/wp-content\/uploads\/2020\/02\/3-300x234.jpg 300w, http:\/\/www.alibozoglu.com\/wp-content\/uploads\/2020\/02\/3-768x598.jpg 768w, http:\/\/www.alibozoglu.com\/wp-content\/uploads\/2020\/02\/3-77x60.jpg 77w, http:\/\/www.alibozoglu.com\/wp-content\/uploads\/2020\/02\/3.jpg 1125w\" sizes=\"(max-width: 1024px) 100vw, 1024px\" \/><\/figure>\n\n\n\n<p>1973 y\u0131l\u0131nda Japonya\u2019dan sat\u0131n\nal\u0131nmas\u0131na kararla\u015ft\u0131r\u0131lan iki tanker ve d\u00f6rt kuru y\u00fck gemisi i\u00e7in kurulan Gemi\nSe\u00e7me ve Sat\u0131n Alma Kurulunda da Ba\u015fkan olarak g\u00f6rev al\u0131r Japonya\u2019n\u0131n \u00e7e\u015fitli\ntersanelerinde in\u015fa edilen Isparta, Kocaeli, Kahramanmara\u015f ve Urfa gemileri ile\nRauf Bey ve Gaziantep tankerlerini sat\u0131n al\u0131n\u0131r.&nbsp;<\/p>\n\n\n\n<p>146.232 DWT\u2019luk kapasite ile T\u00fcrk Deniz Ticaretinde bir ilki olu\u015fturan\nGaziantep gemisini teslim al\u0131r ve ilk kaptanl\u0131\u011f\u0131n\u0131 yapar 1974 y\u0131l\u0131nda K\u0131br\u0131s\nBar\u0131\u015f Harek\u00e2t\u0131n\u0131n ba\u015far\u0131 ile sona ermesi ard\u0131ndan T\u00fcrkiye ile Kuzey K\u0131br\u0131s T\u00fcrk\nFedere Devleti aras\u0131nda ortakla\u015fa kurulmas\u0131 \u00f6ng\u00f6r\u00fclen K\u0131br\u0131s T\u00fcrk Denizcilik\nLtd. \u015eti \u2019den Genel M\u00fcd\u00fcrl\u00fck teklifi al\u0131r. Ve bu kurumun ilk Genel M\u00fcd\u00fcr\u00fc\nolur.&nbsp;<\/p>\n\n\n\n<figure class=\"wp-block-image size-large\"><img loading=\"lazy\" decoding=\"async\" width=\"1024\" height=\"739\" src=\"http:\/\/www.alibozoglu.com\/wp-content\/uploads\/2020\/02\/50-1024x739.jpg\" alt=\"\" class=\"wp-image-623\" srcset=\"http:\/\/www.alibozoglu.com\/wp-content\/uploads\/2020\/02\/50-1024x739.jpg 1024w, http:\/\/www.alibozoglu.com\/wp-content\/uploads\/2020\/02\/50-300x216.jpg 300w, http:\/\/www.alibozoglu.com\/wp-content\/uploads\/2020\/02\/50-768x554.jpg 768w, http:\/\/www.alibozoglu.com\/wp-content\/uploads\/2020\/02\/50-83x60.jpg 83w, http:\/\/www.alibozoglu.com\/wp-content\/uploads\/2020\/02\/50.jpg 1306w\" sizes=\"(max-width: 1024px) 100vw, 1024px\" \/><\/figure>\n\n\n\n<p>K\u0131br\u0131s\u2019a gitti\u011finde her \u015feye s\u0131f\u0131rdan\nba\u015flar. \u0130ki adet koster al\u0131n\u0131r ve gemi i\u015fletmecili\u011fine ba\u015flan\u0131r. Ard\u0131ndan\nAcentelik ve Gemi Kiralama b\u00f6l\u00fcmleri a\u00e7\u0131l\u0131r. Harek\u00e2t\u0131 s\u0131ras\u0131nda T\u00fcrk Donanma\nBirliklerince a\u011f\u0131r bombard\u0131man ate\u015fine maruz kalan tersaneyi yeniden hayata\nge\u00e7irir. 1977 y\u0131l\u0131nda \u015firketten kendi iste\u011fi ile ayr\u0131l\u0131r.<\/p>\n\n\n\n<p>Kaptan Halit M\u00fcmtaz Diker 1977 y\u0131l\u0131nda\nT\u00fcrk Deniz Ticareti\u2019nin Osmanl\u0131lar d\u00f6neminde Tersane-i Amire \u00e7at\u0131s\u0131 alt\u0131nda\nkurulu\u015fu s\u0131ras\u0131nda bat\u0131 denizcili\u011fine g\u00f6re bir tak\u0131m eksiklikleri bulundu\u011funu\nbu ama\u00e7la inceleme yapmak amac\u0131yla yabanc\u0131 gemilerde \u00e7al\u0131\u015fmaya ba\u015flar, bu\ngemilerle tramp seferlerinde d\u00fcnya denizlerinde dola\u015ft\u0131ktan sonra 1984 y\u0131l\u0131nda\nT\u00fcrkiye\u2019ye d\u00f6ner. Kaptano\u011flu Denizcilik \u015eirketinde Kaptan ve G\u00fcverte Enspekt\u00f6r\u00fc\nolarak \u00e7al\u0131\u015fmaya ba\u015flar.&nbsp;Y\u00fcr\u00fcrl\u00fcl\u00fck tarihinden bir hayli \u00f6nce I.S.M\nkurullar\u0131n\u0131 T\u00fcrk\u00e7eye \u00e7evirir.1998 y\u0131l\u0131nda bu kurallar\u0131n uygulanmas\u0131n\u0131n kontrol\nve denetlenmesinden sorumlu ki\u015fi olarak g\u00f6revini s\u00fcrd\u00fcr\u00fcrken \u00e7evresinde har\u0131l\nhar\u0131l \u00e7al\u0131\u015fan gen\u00e7ler aras\u0131nda kendisini fazla hisseder mesle\u011finin her dal\u0131nda\nelle be\u015f y\u0131l bir s\u00fcre hizmet vermi\u015f bir denizci olarak kendisini emekliye\nay\u0131r\u0131r.<\/p>\n\n\n\n<figure class=\"wp-block-image size-large\"><img loading=\"lazy\" decoding=\"async\" width=\"1024\" height=\"684\" src=\"http:\/\/www.alibozoglu.com\/wp-content\/uploads\/2020\/02\/\u00d6zel-Resimler-67-1024x684.jpg\" alt=\"\" class=\"wp-image-624\" srcset=\"http:\/\/www.alibozoglu.com\/wp-content\/uploads\/2020\/02\/\u00d6zel-Resimler-67-1024x684.jpg 1024w, http:\/\/www.alibozoglu.com\/wp-content\/uploads\/2020\/02\/\u00d6zel-Resimler-67-300x200.jpg 300w, http:\/\/www.alibozoglu.com\/wp-content\/uploads\/2020\/02\/\u00d6zel-Resimler-67-768x513.jpg 768w, http:\/\/www.alibozoglu.com\/wp-content\/uploads\/2020\/02\/\u00d6zel-Resimler-67-1536x1026.jpg 1536w, http:\/\/www.alibozoglu.com\/wp-content\/uploads\/2020\/02\/\u00d6zel-Resimler-67-2048x1368.jpg 2048w, http:\/\/www.alibozoglu.com\/wp-content\/uploads\/2020\/02\/\u00d6zel-Resimler-67-90x60.jpg 90w\" sizes=\"(max-width: 1024px) 100vw, 1024px\" \/><\/figure>\n\n\n\n<p>Kaptan Halit M\u00fcmtaz Diker art\u0131k zaman\u0131n\u0131 be\u015f torunu ile oyalanarak ge\u00e7irir.\nKaptan Halit M\u00fcmtaz Diker ad\u0131n\u0131 T\u00fcrk denizcilik tarihine yapt\u0131\u011f\u0131 hizmetlerle ve\nHamit Naci gemisinde yeti\u015ftirdi\u011fi \u00f6\u011frencileri ile ad\u0131n\u0131 T\u00fcrk Denizcilik\nTarihine alt\u0131n harflerle yazd\u0131rm\u0131\u015ft\u0131r.<\/p>\n\n\n\n<p>Kaptan Halit M\u00fcmtaz Diker iyi bir kaptan olmas\u0131 yan\u0131nda iyi bir e\u011fitim\nalm\u0131\u015f ger\u00e7ek bir \u0130stanbul Bey efendisi idi ger\u00e7ek bir cumhuriyet\u00e7i idi bilgi\nbirikimi ile \u00f6rnek bir insand\u0131 maalesef bu t\u00fcr insanlar aram\u0131zdan birer birer\nsonsuzlu\u011fa do\u011fru gidiyorlar her ge\u00e7en g\u00fcn \u00f6zlemimiz artarak \u00e7o\u011fal\u0131yor.&nbsp;<\/p>\n\n\n\n<p>Nurlar i\u00e7inde yat, Kaptan Halit M\u00fcmtaz Diker seni unutmayaca\u011f\u0131z\u2026<\/p>\n","protected":false},"excerpt":{"rendered":"<p>12 Temmuz 1919 tarihinde \u0130stanbul da do\u011fdu. Anne ad\u0131 Fatma Baba ad\u0131 Salih\u2019tir Kaptan Halit M\u00fcmtaz Diker 1930 y\u0131l\u0131nda Kas\u0131mpa\u015fa\u2019da Cezayirli Gazi Hasan Pa\u015fa \u0130lkokulunu, 1935 y\u0131l\u0131nda Ey\u00fcp Ortaokulunu bitirdi.&nbsp; \u0130stanbul Erkek Lisesi\u2019nde lise ikinci s\u0131n\u0131fa ge\u00e7mesine ra\u011fmen Denize olan sevgisi nedeniyle bir aile dostunun tavsiye ve te\u015fviki ile e\u011fitiminde y\u00f6n de\u011fi\u015fikli\u011fi yapar. Bir y\u0131l &hellip; <\/p>\n","protected":false},"author":1,"featured_media":626,"comment_status":"open","ping_status":"open","sticky":false,"template":"","format":"standard","meta":{"footnotes":""},"categories":[8],"tags":[],"_links":{"self":[{"href":"http:\/\/www.alibozoglu.com\/index.php\/wp-json\/wp\/v2\/posts\/613"}],"collection":[{"href":"http:\/\/www.alibozoglu.com\/index.php\/wp-json\/wp\/v2\/posts"}],"about":[{"href":"http:\/\/www.alibozoglu.com\/index.php\/wp-json\/wp\/v2\/types\/post"}],"author":[{"embeddable":true,"href":"http:\/\/www.alibozoglu.com\/index.php\/wp-json\/wp\/v2\/users\/1"}],"replies":[{"embeddable":true,"href":"http:\/\/www.alibozoglu.com\/index.php\/wp-json\/wp\/v2\/comments?post=613"}],"version-history":[{"count":1,"href":"http:\/\/www.alibozoglu.com\/index.php\/wp-json\/wp\/v2\/posts\/613\/revisions"}],"predecessor-version":[{"id":625,"href":"http:\/\/www.alibozoglu.com\/index.php\/wp-json\/wp\/v2\/posts\/613\/revisions\/625"}],"wp:featuredmedia":[{"embeddable":true,"href":"http:\/\/www.alibozoglu.com\/index.php\/wp-json\/wp\/v2\/media\/626"}],"wp:attachment":[{"href":"http:\/\/www.alibozoglu.com\/index.php\/wp-json\/wp\/v2\/media?parent=613"}],"wp:term":[{"taxonomy":"category","embeddable":true,"href":"http:\/\/www.alibozoglu.com\/index.php\/wp-json\/wp\/v2\/categories?post=613"},{"taxonomy":"post_tag","embeddable":true,"href":"http:\/\/www.alibozoglu.com\/index.php\/wp-json\/wp\/v2\/tags?post=613"}],"curies":[{"name":"wp","href":"https:\/\/api.w.org\/{rel}","templated":true}]}}