{"id":411,"date":"2020-02-13T22:46:54","date_gmt":"2020-02-13T22:46:54","guid":{"rendered":"http:\/\/www.alibozoglu.com\/?p=411"},"modified":"2020-05-17T12:15:47","modified_gmt":"2020-05-17T12:15:47","slug":"turk-loydu-ve-prof-dr-teoman-ozalp","status":"publish","type":"post","link":"http:\/\/www.alibozoglu.com\/index.php\/2020\/02\/13\/turk-loydu-ve-prof-dr-teoman-ozalp\/","title":{"rendered":"T\u00dcRK LOYDU VE PROF.DR. TEOMAN \u00d6ZALP"},"content":{"rendered":"\n<figure class=\"wp-block-image size-large\"><img loading=\"lazy\" decoding=\"async\" width=\"670\" height=\"523\" src=\"http:\/\/www.alibozoglu.com\/wp-content\/uploads\/2020\/02\/Atat\u00fcrk-Prof-Dr-Teoman-\u00d6zalpin-s\u00fcnnet-d\u00fc\u011f\u00fcn\u00fcnde.jpg\" alt=\"\" class=\"wp-image-412\" srcset=\"http:\/\/www.alibozoglu.com\/wp-content\/uploads\/2020\/02\/Atat\u00fcrk-Prof-Dr-Teoman-\u00d6zalpin-s\u00fcnnet-d\u00fc\u011f\u00fcn\u00fcnde.jpg 670w, http:\/\/www.alibozoglu.com\/wp-content\/uploads\/2020\/02\/Atat\u00fcrk-Prof-Dr-Teoman-\u00d6zalpin-s\u00fcnnet-d\u00fc\u011f\u00fcn\u00fcnde-300x234.jpg 300w, http:\/\/www.alibozoglu.com\/wp-content\/uploads\/2020\/02\/Atat\u00fcrk-Prof-Dr-Teoman-\u00d6zalpin-s\u00fcnnet-d\u00fc\u011f\u00fcn\u00fcnde-77x60.jpg 77w\" sizes=\"(max-width: 670px) 100vw, 670px\" \/><\/figure>\n\n\n\n<p>Deniz Haber Com. Sitesinde Aral\u0131k Ay\u0131 ba\u015flar\u0131nda T\u00fcrk Loydu ile\nilgili olarak yay\u0131nlanan bir haberde; Londra\u2019da\ndevam eden Uluslararas\u0131 Denizcilik \u00d6rg\u00fct\u00fc Deniz Emniyeti Komitesi 100. D\u00f6nem\nToplant\u0131lar\u0131 (MSC 100) esnas\u0131nda T\u00fcrk Loydu, T\u00fcrkiye ad\u0131na \u00f6nemli bir ba\u015far\u0131ya\nimza att\u0131\u011f\u0131n\u0131 belirterek T\u00fcrk Loydu, MSC 100 taraf\u0131ndan GBS (Goal Based\nStandards)&nbsp;&nbsp;ba\u011flam\u0131nda onayland\u0131\u011f\u0131n\u0131, bu belgenin al\u0131nmas\u0131 ile 150 m\n\u00fczerindeki yeni in\u015fa tanker ve d\u00f6kme y\u00fck gemilerinin yeni in\u015fa klas\u0131n\u0131 verme\nhakk\u0131na sahip olaca\u011f\u0131n\u0131 belirtilmi\u015ftir.<\/p>\n\n\n\n<p>Bu belgenin al\u0131nmas\u0131 \u00dclkemiz i\u00e7in bir \u00f6g\u00fcn\u00e7 kayna\u011f\u0131\nolmu\u015ftur. Diplomasi ayan\u0131nda hi\u00e7 te k\u00fc\u00e7\u00fcmsenecek bir olay de\u011fildir. Belgenin\nal\u0131nmas\u0131 b\u00fcy\u00fck bir ba\u015far\u0131d\u0131r. Bu ba\u015far\u0131lar\u0131ndan dolay\u0131 Ula\u015ft\u0131rma ve Altyap\u0131\nBakanl\u0131\u011f\u0131 Tersaneler Genel M\u00fcd\u00fcr\u00fc karde\u015fim ve arkada\u015f\u0131m Salim \u00d6zpak, T\u00fcrk Loydu\nY\u00f6netim Kurulu Ba\u015fkan\u0131 Cem Meliko\u011flu ile bu belgenin al\u0131nmas\u0131nda eme\u011fi ge\u00e7en\nt\u00fcm b\u00fcrokratlar\u0131 kutluyorum. <\/p>\n\n\n\n<figure class=\"wp-block-image size-large\"><img loading=\"lazy\" decoding=\"async\" width=\"714\" height=\"616\" src=\"http:\/\/www.alibozoglu.com\/wp-content\/uploads\/2020\/02\/nutku_ozalp14.04.1967_meslekte43yil.jpg\" alt=\"\" class=\"wp-image-413\" srcset=\"http:\/\/www.alibozoglu.com\/wp-content\/uploads\/2020\/02\/nutku_ozalp14.04.1967_meslekte43yil.jpg 714w, http:\/\/www.alibozoglu.com\/wp-content\/uploads\/2020\/02\/nutku_ozalp14.04.1967_meslekte43yil-300x259.jpg 300w, http:\/\/www.alibozoglu.com\/wp-content\/uploads\/2020\/02\/nutku_ozalp14.04.1967_meslekte43yil-70x60.jpg 70w\" sizes=\"(max-width: 714px) 100vw, 714px\" \/><\/figure>\n\n\n\n<p>Bu belgenin al\u0131nmas\u0131 beni Denizcilik Bankas\u0131 T.A.O\nSigorta M\u00fcd\u00fcrl\u00fc\u011f\u00fcnde g\u00f6rev yapt\u0131\u011f\u0131m ilk y\u0131llara g\u00f6t\u00fcrd\u00fc. Buradaki g\u00f6revim\nBankaca verilen gemi in\u015fa kredileri ile yap\u0131lan gemilerin Tekne \u0130n\u015fa sigorta\ni\u015flemlerini takip etmek bunun yan\u0131nda in\u015fas\u0131 biten Teknelerin sigorta i\u015flemleri\nile ilgili olarak ta Armat\u00f6rlere imzalat\u0131lacak belgeleri imzalatmak g\u00f6revi de\nbenim g\u00f6revlerim aras\u0131nda idi bir g\u00fcn Denizcilik Bankas\u0131 Bankac\u0131l\u0131k \u015eubesi\nMerkez \u015eubesinden gelen taraf\u0131ma havale edilen yaz\u0131da yeni in\u015fa edilecek bir\ngemiden bahsediliyor. Yaz\u0131da kredi verilen Armat\u00f6r: Gepa Gemi Nak.ve Tic. A.\u015e\n\u015eirketin Adresi :&nbsp; \u0130n\u00f6n\u00fc Cad. Miralay\n\u015eefik Bey&nbsp; Sok. Antalya Palas&nbsp; Geminin Ad\u0131 : AY\u00c7A&nbsp; Verilen Kredi : 800,000,000 TL ( akl\u0131mda\nyanl\u0131\u015f kalmad\u0131 ise) Geminin Klas\u0131 : TL&nbsp;\nGeminin Boyu: 82,17 m Eni 14 m Derinlik : 5,80 m \u0130n\u015fa edildi\u011fi Tersane:\nDesan Tersanesi yaz\u0131l\u0131. Yaz\u0131y\u0131 ald\u0131m dikkatlice okuyorum Loyd k\u0131sm\u0131nda TL\nyaz\u0131l\u0131. Allah Allah bu TL nedir ki hi\u00e7 duymad\u0131m hemen M\u00fcd\u00fcr Yard\u0131mc\u0131m\u0131z Adnan\nT\u00f6re\u2019nin odas\u0131na gittim Adnan Bey yaz\u0131y\u0131 g\u00f6stererek loyd k\u0131sm\u0131nda TL yaz\u0131yor\nacaba verilen kredi T\u00fcrk Liras\u0131 cinsinden olmas\u0131ndan dolay\u0131 bu yaz\u0131y\u0131 yazan\nki\u015fi yanl\u0131\u015fl\u0131kla ABS,LR veya BV yerine TL mi yazd\u0131 dedim Adnan Bey g\u00fcld\u00fc bu\nT\u00fcrk Loydu\u2019nun k\u0131salt\u0131lmas\u0131d\u0131r dedi. Denizyollar\u0131n\u0131n gemilerini sigortas\u0131n\u0131\npoli\u00e7elerini bakarsan Loyd k\u0131sm\u0131nda ABS-TL yazd\u0131\u011f\u0131n\u0131 g\u00f6r\u00fcrs\u00fcn demi\u015fti. Hemen\ni\u015fe koyuldum ve \u00e7al\u0131\u015ft\u0131\u011f\u0131m\u0131z Ray Sigortaya teklif Mektubu haz\u0131rlad\u0131m mektubu\nimzalatt\u0131ktan sonra o zaman Galatasaray\u2019da bulunan Ray Sigorta\u2019ya elden\ng\u00f6t\u00fcrd\u00fcm Nakliyat M\u00fcd\u00fcr\u00fc Figen Han\u0131ma yaz\u0131y\u0131 elden teslim ettim Figen Han\u0131m\nYard\u0131mc\u0131s\u0131 Umur Bey beraber bir konu hakk\u0131nda \u00e7al\u0131\u015f\u0131yorlard\u0131 Figen Han\u0131m yaz\u0131y\u0131\nokur okumaz yaz\u0131y\u0131 Umur Bey\u2019e uzatt\u0131 bir birlerine bakt\u0131lar olmaz dediler T\u00fcrk\nLoydu Avrupa\u2019da klas kurulu\u015fu olarak kabul edilmiyor. Biz bu sigortaya\nyapamay\u0131z dedi konu beni \u00e7ok a\u015ft\u0131\u011f\u0131 i\u00e7in ben bu konuyu size yaz\u0131l\u0131 verdim sizde\nbize bu konuda g\u00f6r\u00fc\u015flerinizi yaz\u0131 ile bildirin dedim ve hemen ayr\u0131ld\u0131n. Ertesi\ng\u00fcn konuyu Sigorta M\u00fcd\u00fcr\u00fc Erc\u00fcment Akba\u015f ile Yard\u0131mc\u0131s\u0131 Adnan T\u00f6re\u2019ye bildirdim\no zamanlar bizde mesai 08,00\u2019de ba\u015fl\u0131yordu Ray Sigorta\u2019da ise 09.00 saat 09.00\nolunca Figen Han\u0131m Erc\u00fcment Beyi telefonla arad\u0131 bu gemi i\u00e7in Tekne \u0130n\u015fa\nSigortas\u0131 yapamayacaklar\u0131n\u0131 belirterek Armat\u00f6r\u2019\u00fcn Klas kurulu\u015funu de\u011fi\u015ftirme\ntalebinde bulundu Erc\u00fcment Bey gemiyi in\u015fa ettiren \u015firketin sahiplerinin Prof\nDr Teoman \u00d6zalp ve o\u011fullar\u0131n\u0131n sahibi oldu\u011fu Gepa Gemi Nak.ve Tic. A.\u015e oldu\u011funu\nbelirterek Teoman Bey T\u00fcrk Loydu\u2019nun kurucular\u0131 aras\u0131nda bulundu\u011funu hale\nhaz\u0131rda T\u00fcrk Loydu\u2019nda Y\u00f6netim Kurulu Ba\u015fkan\u0131 oldu\u011fu belirterek klas\nkurulu\u015funun de\u011fi\u015ftirmeyeceklerini tahmin ediyorum dedi . Konu ile ilgili olarak\nRay sigorta\u2019dan yaz\u0131 geldi biz\u2019de bu yaz\u0131y\u0131 ald\u0131ktan sonra hemen Armat\u00f6re bir\nyaz\u0131 yaz\u0131ld\u0131 yaz\u0131y\u0131 Armat\u00f6re ben elden g\u00f6t\u00fcrd\u00fcm yaz\u0131y\u0131 imza kar\u015f\u0131l\u0131\u011f\u0131nda\nverdim. Ve bundan sonra tam bir so\u011fuk sava\u015f ba\u015flad\u0131 Ray Sigorta \u2013 Denizcilik\nBankas\u0131- Gepa aras\u0131nda g\u00fcnde kar\u015f\u0131l\u0131kl\u0131 olarak yaz\u0131lar\u0131n biri geliyor biri\ngidiyor. Ray Sigorta Tekne ve Tekne in\u015fa sigortalar\u0131nda sigorta etti\u011fi mebla\u011f\u0131n\nyakla\u015f\u0131k&nbsp; % 10 k\u0131sm\u0131n\u0131 Milli Reas\u00fcrans ve\nDestek Reas\u00fcrans dahil olmak \u00fczere T\u00fcrk \u015firketlerince teminat al\u0131nt\u0131na\nal\u0131nd\u0131\u011f\u0131n\u0131 geri kalan yakla\u015f\u0131k % 90 k\u0131sm\u0131n\u0131 yurt d\u0131\u015f\u0131nda bulunan Reas\u00fcrans\n\u015firketlerine verdi\u011fini Reas\u00fcrans \u015firketleri ise T\u00fcrk Loydu\u2019nu kabul etmedikleri\nve bu nedenle poli\u00e7enin tanzim edilemeyece\u011fini \u0131srarla vurgulamakta kar\u015f\u0131\ntarafta \u0131srarla bir de\u011fi\u015fikli\u011fe gidilmeyece\u011fi belirtmi\u015flerdi. Bu arada devreye\nT\u00fcrk Loydu da girmi\u015fti. T\u00fcrk Loydu\u2019nun merkezi Tophanede bulunuyordu T\u00fcrk\nLoydu\u2019nun o d\u00f6nemde Genel M\u00fcd\u00fcr\u00fc Ali Dursun Kan\u00e7eker idi. Ali Dursun Kan\u00e7eker\nDenizcilik Bankas\u0131nda emekli Hali\u00e7 Tersanesi\u2019nde M\u00fcd\u00fcrl\u00fck yapm\u0131\u015f bir\nteknokratt\u0131. Bu arada \u0130ngiltere ile irtibata ge\u00e7ildi i\u00e7inde Denizcilik\nBankas\u0131na ba\u011fl\u0131 \u0130\u015fletmelere ait gemiler, Deniz Nakliyat A.\u015e\u2019ye ait gemiler&nbsp;&nbsp; ile T\u00fcrk Armat\u00f6rlerine ait y\u00fczyetmi\u015fbe\u015f adet\nTekne ve k\u0131rka yak\u0131n teknenin Tekne ve Tekne \u0130n\u015fa Sigortas\u0131n\u0131n Ray Sigorta\narac\u0131l\u0131\u011f\u0131 \u0130ngiltere\u2019de bulunan Loyda ba\u011fl\u0131 Reas\u00fcrans \u015firketlerince teminat\nal\u0131nd\u0131\u011f\u0131&nbsp;&nbsp; belirtilerek bu sigorta\npoli\u00e7esinin tanzimi&nbsp; i\u00e7in onay verilmesi\nistendi. Bu yaz\u0131\u015fmalar o zamanlar teleks ile yap\u0131ld\u0131\u011f\u0131ndan bizim taraf\u0131m\u0131zdan\n\u0130ngiltere\u2019ye \u00e7ekilen telekslerde T\u00fcrk Loydu\u2019nun teleksi kullan\u0131l\u0131yordu bu\nyaz\u0131\u015fmalar o kadar \u00e7ok olmu\u015ftu ki iki klas\u00f6r dolmu\u015ftu.&nbsp;&nbsp; Bu olay\u0131n oldu\u011fu d\u00f6nem 12 Eyl\u00fcl d\u00f6nemi Gepa\n\u015firketi Ankara nezdinde etkili bir \u015firket Ula\u015ft\u0131rma Bakanl\u0131\u011f\u0131ndan bize ve Ray\nSigortaya bu sigortan\u0131n yap\u0131l\u0131p poli\u00e7enin \u015firkete iletilmesini neticesinden de\nkendilerine bilgi verilmesi talep ediliyor buna benzer bir yaz\u0131da Milli\nG\u00fcvenlik Konseyinden geliyordu. Uzun u\u011fra\u015flardan sonra poli\u00e7e tanzim edildi.\nGemi in\u015fas\u0131na ba\u015fland\u0131. AY\u00c7A gemisi T\u00fcrk Loydu\u2019nun kurullar\u0131na g\u00f6re in\u015fa edilen\nve uluslararas\u0131nda sefer yapan ilk gemisidir. Ondan \u00f6nce d\u0131\u015f \u00fclkelere sefer\nyapan gemiler Denizcilik Bankas\u0131 ile Deniz Nakliyat\u0131n gemileri idi bunlarda da\n\u00e7ift klas vard\u0131. Bu i\u015fler bitti\u011fi zaman ben geciken askerlik g\u00f6revimi yapmak\n\u00fczere Askere gittim.&nbsp; Asker D\u00f6n\u00fc\u015f\u00fc\nDenizcilik Bankas\u0131 T.A.O lav edilmi\u015f yerine T\u00fcrkiye Denizcilik Kurumu\nKurulmu\u015f,&nbsp; Denizcilik Bankas\u0131 bu kurum\ni\u00e7erisinde \u00f6zerk bir yap\u0131ya kavu\u015farak faaliyetine devam etti bundan bir y\u0131l\nsonra ise de T\u00fcrkiye Denizcilik Kurumu da lav edilerek T\u00fcrkiye Denizcilik\n\u0130\u015fletmeleri, Gemi Sanayi A.\u015e ve Denizcilik Bankas\u0131 A.\u015e ad\u0131 alt\u0131nda \u00fc\u00e7 adet Kamu\n\u0130ktisadi Kurulu\u015fu kuruldu. Dolay\u0131s\u0131 ile AY\u00c7A\u2019dan bir haber alamad\u0131m y\u0131llar sonra\nMerhum Prof Dr Ali \u0130hsan Aldo\u011fan bir sohbet s\u0131ras\u0131nda bana AY\u00c7A gemisinde bir\nhasar meydana geldi\u011fini Sigorta \u015eirketi bir ba\u015fka nedenlerle birlikte geminin\nklas kurulu\u015funu da bahane ederek hasar\u0131 \u00f6demedi\u011fini s\u00f6ylemi\u015fti. <\/p>\n\n\n\n<figure class=\"wp-block-image size-large\"><img loading=\"lazy\" decoding=\"async\" width=\"1004\" height=\"676\" src=\"http:\/\/www.alibozoglu.com\/wp-content\/uploads\/2020\/02\/Alemdar-Kurtarma-gemisi-teslim-t\u00f6reninde-Prof-Dr-Teoman-\u00d6zalp-2.jpg\" alt=\"\" class=\"wp-image-414\" srcset=\"http:\/\/www.alibozoglu.com\/wp-content\/uploads\/2020\/02\/Alemdar-Kurtarma-gemisi-teslim-t\u00f6reninde-Prof-Dr-Teoman-\u00d6zalp-2.jpg 1004w, http:\/\/www.alibozoglu.com\/wp-content\/uploads\/2020\/02\/Alemdar-Kurtarma-gemisi-teslim-t\u00f6reninde-Prof-Dr-Teoman-\u00d6zalp-2-300x202.jpg 300w, http:\/\/www.alibozoglu.com\/wp-content\/uploads\/2020\/02\/Alemdar-Kurtarma-gemisi-teslim-t\u00f6reninde-Prof-Dr-Teoman-\u00d6zalp-2-768x517.jpg 768w, http:\/\/www.alibozoglu.com\/wp-content\/uploads\/2020\/02\/Alemdar-Kurtarma-gemisi-teslim-t\u00f6reninde-Prof-Dr-Teoman-\u00d6zalp-2-89x60.jpg 89w\" sizes=\"(max-width: 1004px) 100vw, 1004px\" \/><\/figure>\n\n\n\n<p>Her ba\u015far\u0131n\u0131n alt\u0131nda bir bedel vard\u0131r. T\u00fcrk Loydu\nbu bedeli Prof.Dr Teoman \u00d6zalp arac\u0131l\u0131\u011f\u0131 ile \u00f6demi\u015ftir. Teoman Hoca\u2019n\u0131n o dik\nduru\u015fu olmasa kendi \u00e7\u0131kar\u0131 i\u00e7in Loydu de\u011fi\u015ftirse idi acaba T\u00fcrk Loydu bu\ng\u00fcnlere gelebilirmiydi ? 1925 y\u0131l\u0131nda do\u011fan Prof.Dr Teoman \u00d6zalp 1931 y\u0131l\u0131na\nkadar \u0130lhan ismi ile ya\u015fam\u0131\u015f 1931 y\u0131l\u0131nda Atat\u00fcrk taraf\u0131ndan ismi Teoman olarak\nde\u011fi\u015ftirilmi\u015f bir ki\u015fidir o Mustafa Kemal\u2019in askeridir hi\u00e7bir m\u00fccadele onun\ny\u0131ld\u0131rmam\u0131\u015ft\u0131r. 1978 y\u0131l\u0131ndan 1995 y\u0131l\u0131na kadar Y\u00f6netim Kurulu Ba\u015fkanl\u0131\u011f\u0131\u2019n\u0131\nyapt\u0131\u011f\u0131 T\u00fcrk Loydu\u2019nu yeti\u015ftirdi\u011fi talebelerine devretmi\u015f onun \u00f6\u011frencileri de\nondan ald\u0131\u011f\u0131 g\u00fc\u00e7le insan\u00fcst\u00fc gayretle \u00e7al\u0131\u015farak Ba\u015fta \u0130ngiltere olmak \u00fczere t\u00fcm\nd\u00fcnyaya T\u00fcrk Loydu\u2019nu kabul ettirmi\u015flerdir. Bu \u00f6\u011f\u00fcn\u00e7\u00fcn temelini atan bu\nmutlulu\u011fu bize ya\u015fatan Prof.Dr, Teoman \u00d6zalp\u2019i&nbsp;\n18 Ocak 2017 tarihinde aram\u0131zdan ayr\u0131lm\u0131\u015ft\u0131r. \u015eimdi o mezar\u0131nda huzur\ni\u00e7inde yat\u0131yordur. Prof.Dr, Teoman \u00d6zalp\u2019i rahmet ve minnetle anarken Ba\u015fta\nY\u00f6netim Kurulu Ba\u015fkan\u0131 Cem Meliko\u011flu olmak \u00fczere T\u00fcrk Loydu \u00e7al\u0131\u015fanlar\u0131na\nte\u015fekk\u00fcrler ediyorum sa\u011f olun var olun sizlerle gurur duyuyoruz.<\/p>\n\n\n\n<figure class=\"wp-block-image size-large\"><img loading=\"lazy\" decoding=\"async\" width=\"900\" height=\"368\" src=\"http:\/\/www.alibozoglu.com\/wp-content\/uploads\/2020\/02\/Ayca-01.jpg\" alt=\"\" class=\"wp-image-415\" srcset=\"http:\/\/www.alibozoglu.com\/wp-content\/uploads\/2020\/02\/Ayca-01.jpg 900w, http:\/\/www.alibozoglu.com\/wp-content\/uploads\/2020\/02\/Ayca-01-300x123.jpg 300w, http:\/\/www.alibozoglu.com\/wp-content\/uploads\/2020\/02\/Ayca-01-768x314.jpg 768w, http:\/\/www.alibozoglu.com\/wp-content\/uploads\/2020\/02\/Ayca-01-147x60.jpg 147w\" sizes=\"(max-width: 900px) 100vw, 900px\" \/><figcaption>M\/V Ay\u00e7a <\/figcaption><\/figure>\n\n\n\n<p>T\u00fcrk Loydu Y\u00f6netim Kurulu Ba\u015fkan\u0131 Cem Meliko\u011flu\u2019na\nbir mesaj\u0131m var 08 Aral\u0131k 2018 tarihinde Be\u015fikta\u015f\u2019ta bulunan Deniz M\u00fczesinin\nHamit Naci Salonunda Kaptan Avukat G\u00fcnd\u00fcz Aybay ile ilgili bir belgesel\nizledim.&nbsp; \u00c7ok ho\u015fuma gitti Bo\u011fazlar ile\nilgili olarak yapt\u0131\u011f\u0131 \u00e7al\u0131\u015fmalar\u0131 biz bilmeyenlere gayet g\u00fczel anlat\u0131ld\u0131. Bunun\nneticesinde hi\u00e7 tan\u0131mad\u0131\u011f\u0131m\u0131z bir insana kar\u015f\u0131 sayg\u0131 ve sevgi duymaya ba\u015flad\u0131m\nAcaba b\u00f6yle bir belgesel Prof.Dr. Teoman \u00d6zalp ile ilgili yap\u0131lamaz m\u0131 ?<\/p>\n","protected":false},"excerpt":{"rendered":"<p>Deniz Haber Com. Sitesinde Aral\u0131k Ay\u0131 ba\u015flar\u0131nda T\u00fcrk Loydu ile ilgili olarak yay\u0131nlanan bir haberde; Londra\u2019da devam eden Uluslararas\u0131 Denizcilik \u00d6rg\u00fct\u00fc Deniz Emniyeti Komitesi 100. D\u00f6nem Toplant\u0131lar\u0131 (MSC 100) esnas\u0131nda T\u00fcrk Loydu, T\u00fcrkiye ad\u0131na \u00f6nemli bir ba\u015far\u0131ya imza att\u0131\u011f\u0131n\u0131 belirterek T\u00fcrk Loydu, MSC 100 taraf\u0131ndan GBS (Goal Based Standards)&nbsp;&nbsp;ba\u011flam\u0131nda onayland\u0131\u011f\u0131n\u0131, bu belgenin al\u0131nmas\u0131 ile 150 &hellip; <\/p>\n","protected":false},"author":1,"featured_media":416,"comment_status":"open","ping_status":"open","sticky":false,"template":"","format":"standard","meta":{"footnotes":""},"categories":[8],"tags":[],"_links":{"self":[{"href":"http:\/\/www.alibozoglu.com\/index.php\/wp-json\/wp\/v2\/posts\/411"}],"collection":[{"href":"http:\/\/www.alibozoglu.com\/index.php\/wp-json\/wp\/v2\/posts"}],"about":[{"href":"http:\/\/www.alibozoglu.com\/index.php\/wp-json\/wp\/v2\/types\/post"}],"author":[{"embeddable":true,"href":"http:\/\/www.alibozoglu.com\/index.php\/wp-json\/wp\/v2\/users\/1"}],"replies":[{"embeddable":true,"href":"http:\/\/www.alibozoglu.com\/index.php\/wp-json\/wp\/v2\/comments?post=411"}],"version-history":[{"count":1,"href":"http:\/\/www.alibozoglu.com\/index.php\/wp-json\/wp\/v2\/posts\/411\/revisions"}],"predecessor-version":[{"id":417,"href":"http:\/\/www.alibozoglu.com\/index.php\/wp-json\/wp\/v2\/posts\/411\/revisions\/417"}],"wp:featuredmedia":[{"embeddable":true,"href":"http:\/\/www.alibozoglu.com\/index.php\/wp-json\/wp\/v2\/media\/416"}],"wp:attachment":[{"href":"http:\/\/www.alibozoglu.com\/index.php\/wp-json\/wp\/v2\/media?parent=411"}],"wp:term":[{"taxonomy":"category","embeddable":true,"href":"http:\/\/www.alibozoglu.com\/index.php\/wp-json\/wp\/v2\/categories?post=411"},{"taxonomy":"post_tag","embeddable":true,"href":"http:\/\/www.alibozoglu.com\/index.php\/wp-json\/wp\/v2\/tags?post=411"}],"curies":[{"name":"wp","href":"https:\/\/api.w.org\/{rel}","templated":true}]}}